{"id":146,"date":"2026-08-26T17:16:24","date_gmt":"2026-08-26T17:16:24","guid":{"rendered":"https:\/\/relax-massage.com\/es\/blog\/tratamiento-vitamina-c-facial"},"modified":"2026-08-28T07:18:25","modified_gmt":"2026-08-28T07:18:25","slug":"tratamiento-vitamina-c-facial","status":"publish","type":"post","link":"https:\/\/relax-massage.com\/es\/blog\/tratamiento-vitamina-c-facial","title":{"rendered":"Tratamiento vitamina C facial | Beneficios y resultados"},"content":{"rendered":"\n<style>\n.oscar-article h2 { color: #29382C !important; border: none !important; border-bottom: 2px solid #29382C !important; padding-bottom: 0.2em !important; }\n.oscar-article h3 { color: #29382C !important; border: none !important; }\n.oscar-article p, .oscar-article ul, .oscar-article ol { margin-top: 0.3em !important; margin-bottom: 0.3em !important; }\n.oscar-article ol { padding-left: 0.7em !important; }\n.oscar-article a:not([target]):not([href^=\"#\"]) { color: #29382C !important; text-decoration: underline !important; text-decoration-color: #29382C !important; }\n.oscar-article #h-toc a { color: #29382C !important; text-decoration: underline !important; text-decoration-color: #29382C !important; }\n.oscar-article table { width: 100% !important; border-collapse: collapse !important; margin: 1em 0 !important; }\n.oscar-article th, .oscar-article td { border: 1px solid #e5e5e5 !important; padding: 0.6em 0.8em !important; text-align: left !important; }\n.oscar-article th { background-color: #f5f3ff !important; font-weight: 600 !important; }\n.oscar-article caption { caption-side: top !important; text-align: left !important; font-style: italic !important; padding: 0.3em 0 !important; color: #555 !important; }\n<\/style>\n\n\n\n<div class=\"wp-block-group oscar-article\"><div class=\"wp-block-group__inner-container is-layout-flow wp-block-group-is-layout-flow\">\n\n<p class=\"wp-block-paragraph\">La vitamina C es uno de los principios activos m\u00e1s estudiados en cosm\u00e9tica facial. Su capacidad para combatir el fotoenvejecimiento, unificar el tono y estimular la producci\u00f3n de col\u00e1geno la convierte en un ingrediente de referencia tanto en rutinas dom\u00e9sticas como en tratamientos profesionales de spa, especialmente en el tratamiento vitamina C facial.<\/p>\n\n\n\n<p class=\"wp-block-paragraph\">Este art\u00edculo explora en profundidad qu\u00e9 es el tratamiento vitamina C facial, c\u00f3mo funciona sobre la piel, qu\u00e9 concentraciones son m\u00e1s eficaces y qu\u00e9 diferencia un protocolo de spa de un s\u00e9rum de uso diario en casa.<\/p>\n\n\n\n<h2 class=\"wp-block-heading\" id=\"h-title\">Tratamiento vitamina C facial | Beneficios y resultados<\/h2>\n\n\n\n<p class=\"wp-block-paragraph\">Tiempo de lectura: ~10 min<\/p>\n\n\n\n<ol class=\"wp-block-list\" id=\"h-toc\">\n\n<li><a href=\"#h-que-es-el-tratamiento-vitamina-c-facial\">Qu\u00e9 es el tratamiento vitamina C facial y c\u00f3mo act\u00faa sobre la piel<\/a><\/li>\n\n\n<li><a href=\"#h-beneficios-demostrados\">Beneficios demostrados del tratamiento vitamina C facial<\/a><\/li>\n\n\n<li><a href=\"#h-concentraciones-y-formatos\">Concentraciones y formatos: s\u00e9rum, crema y ampollas<\/a><\/li>\n\n\n<li><a href=\"#h-como-usar-la-vitamina-c-facial\">C\u00f3mo usar la vitamina C facial correctamente<\/a><\/li>\n\n\n<li><a href=\"#h-vitamina-c-segun-tipo-de-piel\">Vitamina C seg\u00fan el tipo de piel<\/a><\/li>\n\n\n<li><a href=\"#h-spa-frente-a-casa\">Tratamiento de vitamina C en spa frente al uso en casa<\/a><\/li>\n\n\n<li><a href=\"#h-evidencia-cientifica\">Evidencia cient\u00edfica que respalda el uso de vitamina C facial<\/a><\/li>\n\n\n<li><a href=\"#h-aprovechar-vitamina-c-facial\">Aprovechar al m\u00e1ximo el tratamiento vitamina C facial<\/a><\/li>\n\n\n<li><a href=\"#h-preguntas-frecuentes\">Preguntas frecuentes<\/a><\/li>\n\n<\/ol>\n\n\n\n<blockquote class=\"is-layout-flow wp-block-quote-is-layout-flow\">\n<p><strong>Resumen en breve<\/strong><\/p>\n<ul>\n<li>Qu\u00e9 es y c\u00f3mo act\u00faa: la vitamina C t\u00f3pica neutraliza radicales libres y estimula el col\u00e1geno, frenando el envejecimiento cut\u00e1neo.<\/li>\n<li>Beneficios principales: luminosidad inmediata, reducci\u00f3n de manchas, efecto antioxidante y mejora de la firmeza.<\/li>\n<li>Concentraciones y formatos: los s\u00e9rums de entre 10 % y 20 % son los m\u00e1s eficaces; la estabilidad de la f\u00f3rmula es clave.<\/li>\n<li>Uso correcto: se aplica por la ma\u00f1ana, sobre piel limpia, siempre seguida de fotoprotector.<\/li>\n<li>Seg\u00fan el tipo de piel: existen derivados m\u00e1s suaves para pieles sensibles y f\u00f3rmulas m\u00e1s concentradas para pieles grasas.<\/li>\n<li>Spa vs casa: un tratamiento profesional combina concentraciones m\u00e1s altas, t\u00e9cnicas de penetraci\u00f3n y protocolos personalizados.<\/li>\n<li>Evidencia cient\u00edfica: estudios publicados en PubMed y el Journal of Cosmetic Dermatology respaldan su eficacia a partir de las 12 semanas.<\/li>\n<\/ul>\n<\/blockquote>\n\n\n\n<h2 class=\"wp-block-heading\" id=\"h-que-es-el-tratamiento-vitamina-c-facial\">Qu\u00e9 es el tratamiento vitamina C facial y c\u00f3mo act\u00faa sobre la piel<\/h2>\n\n\n\n<p class=\"wp-block-paragraph\">La vitamina C, tambi\u00e9n llamada \u00e1cido asc\u00f3rbico o L-ascorbic acid en su forma pura, es un antioxidante t\u00f3pico que act\u00faa sobre la piel del rostro neutralizando los radicales libres generados por la exposici\u00f3n solar, la contaminaci\u00f3n y el tabaco. Estos radicales libres son los principales responsables del fotoda\u00f1o cut\u00e1neo, la p\u00e9rdida de firmeza y la aparici\u00f3n de manchas e hiperpigmentaci\u00f3n con el paso del tiempo.<\/p>\n\n\n\n<p class=\"wp-block-paragraph\">Adem\u00e1s de su acci\u00f3n antioxidante, la vitamina C es cofactor esencial en la s\u00edntesis de col\u00e1geno, la prote\u00edna que mantiene la piel firme y el\u00e1stica. A medida que envejecemos, la producci\u00f3n de col\u00e1geno disminuye de forma natural; el uso regular de vitamina C t\u00f3pica contribuye a ralentizar ese proceso y a mejorar la calidad estructural de la piel. Por eso se considera un principio activo cosm\u00e9tico de primera l\u00ednea tanto en dermatolog\u00eda est\u00e9tica como en <a href=\"https:\/\/relax-massage.com\/es\/spas-masajes-tratamientos\/tratamientos-faciales\">tratamientos de spa de alto nivel<\/a>.<\/p>\n\n\n\n<h2 class=\"wp-block-heading\" id=\"h-beneficios-demostrados\">Beneficios demostrados del tratamiento vitamina C facial<\/h2>\n\n\n\n<h3 class=\"wp-block-heading\" id=\"h-luminosidad-y-tono-uniforme\">Luminosidad y tono uniforme<\/h3>\n\n\n\n<p class=\"wp-block-paragraph\">Uno de los efectos m\u00e1s reconocidos de la vitamina C es su acci\u00f3n skin-brightening. Al inhibir la producci\u00f3n anormal de melanina, aten\u00faa las manchas oscuras y mejora la uniformidad del tono. El resultado es una piel con aspecto m\u00e1s radiante y descansado, incluso en pieles con fotoda\u00f1o cut\u00e1neo acumulado. Un <a href=\"https:\/\/pubmed.ncbi.nlm.nih.gov\/42087444\/\" target=\"_blank\" rel=\"noopener\">estudio publicado en PubMed<\/a> evalu\u00f3 un s\u00e9rum t\u00f3pico al 10 % de vitamina C y concluy\u00f3 que mejora la capacidad antioxidante de la piel, el color y los par\u00e1metros de glicaci\u00f3n cut\u00e1nea, apoyando su valor cl\u00ednico en anti-aging y en la mejora del tono.<\/p>\n\n\n\n<figure class=\"wp-block-image\"><img decoding=\"async\" src=\"https:\/\/blog-es.relax-massage.com\/wp-content\/uploads\/2026\/08\/tratamiento-vitamina-c-facial.webp\" alt=\"tratamiento vitamina C facial\" title=\"tratamiento vitamina C facial\" loading=\"lazy\" width=\"1200\" height=\"675\" style=\"width:100%;height:auto;border-radius:8px;\" \/><\/figure>\n\n\n\n<h3 class=\"wp-block-heading\" id=\"h-accion-antioxidante-y-fotoenvejecimiento\">Acci\u00f3n antioxidante y protecci\u00f3n frente al fotoenvejecimiento<\/h3>\n\n\n\n<p class=\"wp-block-paragraph\">La vitamina C no solo neutraliza radicales libres de forma directa, sino que tambi\u00e9n regenera otros antioxidantes como la vitamina E, potenciando la protecci\u00f3n global de la piel. Combinada con \u00e1cido fer\u00falico, su estabilidad y eficacia antioxidante aumentan de forma significativa. Esta acci\u00f3n protege la piel frente al fotoenvejecimiento y reduce la aparici\u00f3n de arrugas, p\u00e9rdida de firmeza y textura irregular causadas por la exposici\u00f3n solar acumulada.<\/p>\n\n\n\n<h3 class=\"wp-block-heading\" id=\"h-reduccion-de-manchas-e-hiperpigmentacion\">Reducci\u00f3n de manchas e hiperpigmentaci\u00f3n facial<\/h3>\n\n\n\n<p class=\"wp-block-paragraph\">La vitamina C act\u00faa como agente despigmentante al bloquear la enzima tirosinasa, responsable de la producci\u00f3n de pigmento. Es eficaz tanto en manchas solares como en hiperpigmentaci\u00f3n postinflamatoria, como las marcas que deja el acn\u00e9. Su uso continuado ayuda a igualar el tono de forma progresiva, sin el efecto agresivo de otros activos despigmentantes m\u00e1s potentes.<\/p>\n\n\n\n<h3 class=\"wp-block-heading\" id=\"h-sintesis-de-colageno-y-firmeza\">S\u00edntesis de col\u00e1geno y firmeza cut\u00e1nea<\/h3>\n\n\n\n<p class=\"wp-block-paragraph\">La vitamina C es indispensable para que el organismo fabrique col\u00e1geno de forma correcta. Aplicada de manera t\u00f3pica, estimula la regeneraci\u00f3n celular y contribuye a mejorar la elasticidad y la firmeza de la piel. Este efecto es especialmente visible en pieles maduras o con signos de fotoda\u00f1o, donde la p\u00e9rdida de col\u00e1geno es m\u00e1s pronunciada.<\/p>\n\n\n\n<blockquote class=\"is-layout-flow wp-block-quote-is-layout-flow\">\n<p><strong>Dato clave<\/strong><\/p>\n<p>La vitamina C t\u00f3pica no sustituye al fotoprotector solar, sino que lo complementa. Para maximizar su efecto antioxidante y prevenir el fotoenvejecimiento, siempre debe combinarse con un fotoprotector de amplio espectro aplicado despu\u00e9s del s\u00e9rum.<\/p>\n<\/blockquote>\n\n\n\n<h2 class=\"wp-block-heading\" id=\"h-concentraciones-y-formatos\">Concentraciones y formatos: s\u00e9rum, crema y ampollas<\/h2>\n\n\n\n<p class=\"wp-block-paragraph\">No todos los productos de vitamina C facial son equivalentes. La eficacia depende en gran medida de la concentraci\u00f3n del activo, de su forma qu\u00edmica y de la estabilidad de la f\u00f3rmula. El \u00e1cido asc\u00f3rbico puro es la forma m\u00e1s activa y la m\u00e1s estudiada, pero tambi\u00e9n la m\u00e1s inestable: se oxida con facilidad en contacto con el aire y la luz, lo que reduce su eficacia. Por eso, las f\u00f3rmulas de calidad utilizan envases opacos o airless y combinan la vitamina C con otros antioxidantes para protegerla.<\/p>\n\n\n\n<p class=\"wp-block-paragraph\">Los derivados estabilizados de vitamina C, como el ascorbil gluc\u00f3sido o el ascorbil fosfato de sodio, son alternativas m\u00e1s suaves y estables, especialmente indicadas para pieles sensibles que no toleran bien el \u00e1cido asc\u00f3rbico puro.<\/p>\n\n\n\n<p class=\"wp-block-paragraph\">La siguiente tabla resume las principales diferencias entre los formatos m\u00e1s habituales:<\/p>\n\n\n\n<figure class=\"wp-block-table\"><table>\n<caption>Comparaci\u00f3n de formatos de vitamina C facial<\/caption>\n<thead>\n<tr><th>Formato<\/th><th>Concentraci\u00f3n habitual<\/th><th>Penetraci\u00f3n<\/th><th>Perfil de piel recomendado<\/th><\/tr>\n<\/thead>\n<tbody>\n<tr><td>S\u00e9rum vitamina C cara<\/td><td>10 % a 20 %<\/td><td>Alta<\/td><td>Todo tipo de pieles; ideal para tratamiento activo<\/td><\/tr>\n<tr><td>Crema vitamina C cara<\/td><td>5 % a 10 %<\/td><td>Media<\/td><td>Piel seca o como paso de mantenimiento<\/td><\/tr>\n<tr><td>Ampollas faciales<\/td><td>10 % a 15 %<\/td><td>Alta<\/td><td>Pieles que buscan un aporte intensivo puntual<\/td><\/tr>\n<tr><td>Tratamiento spa profesional<\/td><td>15 % a 30 % (seg\u00fan protocolo)<\/td><td>Muy alta<\/td><td>Pieles con fotoda\u00f1o, manchas o falta de luminosidad<\/td><\/tr>\n<\/tbody>\n<\/table><\/figure>\n\n\n\n<p class=\"wp-block-paragraph\">Seg\u00fan un <a href=\"https:\/\/onlinelibrary.wiley.com\/doi\/10.1111\/jocd.16067\" target=\"_blank\" rel=\"noopener\">estudio multic\u00e9ntrico publicado en el Journal of Cosmetic Dermatology<\/a>, un s\u00e9rum antioxidante con vitamina C mostr\u00f3 mejoras significativas en todos los par\u00e1metros de fotoda\u00f1o facial a las 12 semanas de uso, con una tolerabilidad excelente.<\/p>\n\n\n\n<h2 class=\"wp-block-heading\" id=\"h-como-usar-la-vitamina-c-facial\">C\u00f3mo usar la vitamina C facial correctamente<\/h2>\n\n\n\n<p class=\"wp-block-paragraph\">El orden de aplicaci\u00f3n en la rutina de skincare influye directamente en los resultados. La vitamina C se aplica siempre sobre piel limpia y seca, antes de la crema hidratante y del fotoprotector. El momento ideal es la ma\u00f1ana, ya que su acci\u00f3n antioxidante refuerza la protecci\u00f3n frente a los agresores ambientales durante el d\u00eda.<\/p>\n\n\n\n<h3 class=\"wp-block-heading\" id=\"h-protocolo-basico-vitamina-c-facial\">Protocolo b\u00e1sico de aplicaci\u00f3n<\/h3>\n\n\n\n<p class=\"wp-block-paragraph\">El protocolo b\u00e1sico de uso es el siguiente:<\/p>\n\n\n\n<ol class=\"wp-block-list\">\n\n<li>Limpiar el rostro con un limpiador suave y secar con toquecitos, sin frotar.<\/li>\n\n\n<li>Aplicar unas pocas gotas de s\u00e9rum vitamina C cara sobre la piel seca, extendi\u00e9ndolo con suavidad por todo el rostro y el cuello.<\/li>\n\n\n<li>Esperar entre 30 y 60 segundos antes de aplicar el hidratante habitual.<\/li>\n\n\n<li>Finalizar siempre con un fotoprotector de amplio espectro, paso imprescindible para potenciar el efecto antifotoenvejecimiento.<\/li>\n\n<\/ol>\n\n\n\n<h3 class=\"wp-block-heading\" id=\"h-frecuencia-resultados-vitamina-c-facial\">Frecuencia de uso y resultados esperados<\/h3>\n\n\n\n<p class=\"wp-block-paragraph\">En cuanto a la frecuencia, la vitamina C puede usarse a diario. La constancia es el factor m\u00e1s determinante para ver resultados: las mejoras en luminosidad y textura comienzan a ser visibles a partir de las cuatro semanas, mientras que los efectos sobre manchas y firmeza se consolidan en torno a las 12 semanas de uso regular, seg\u00fan los datos de los estudios cl\u00ednicos disponibles.<\/p>\n\n\n\n<h2 class=\"wp-block-heading\" id=\"h-vitamina-c-segun-tipo-de-piel\">Vitamina C seg\u00fan el tipo de piel<\/h2>\n\n\n\n<h3 class=\"wp-block-heading\" id=\"h-vitamina-c-piel-normal-mixta\">Vitamina C en piel normal o mixta<\/h3>\n\n\n\n<p class=\"wp-block-paragraph\">Elegir el formato y la concentraci\u00f3n adecuados seg\u00fan el tipo de piel es fundamental para obtener resultados sin irritaci\u00f3n. Para pieles normales o mixtas, un s\u00e9rum con \u00e1cido asc\u00f3rbico al 10 % o 15 % es una opci\u00f3n equilibrada que combina eficacia y tolerabilidad.<\/p>\n\n\n\n<figure class=\"wp-block-image\"><img decoding=\"async\" src=\"https:\/\/blog-es.relax-massage.com\/wp-content\/uploads\/2026\/08\/tratamiento-vitamina-c-facial-relax-massage-es.webp\" alt=\"tratamiento vitamina C facial\" title=\"tratamiento vitamina C facial\" loading=\"lazy\" width=\"1200\" height=\"675\" style=\"width:100%;height:auto;border-radius:8px;\" \/><\/figure>\n\n\n\n<h3 class=\"wp-block-heading\" id=\"h-vitamina-c-piel-seca\">Vitamina C en piel seca<\/h3>\n\n\n\n<p class=\"wp-block-paragraph\">Las pieles secas se benefician especialmente del efecto exfoliante suave y de la mejora de la barrera cut\u00e1nea que aporta la vitamina C. En este caso, combinarla con ingredientes hidratantes en la misma f\u00f3rmula, como el hialur\u00f3nico, potencia el resultado.<\/p>\n\n\n\n<h3 class=\"wp-block-heading\" id=\"h-vitamina-c-piel-grasa\">Vitamina C en piel grasa o acneica<\/h3>\n\n\n\n<p class=\"wp-block-paragraph\">En pieles grasas o con tendencia acneica, concentraciones m\u00e1s altas pueden ayudar a regular el sebo y a tratar la hiperpigmentaci\u00f3n postinflamatoria que dejan las marcas del acn\u00e9. La vitamina C resulta \u00fatil tambi\u00e9n como activo de mantenimiento entre <a href=\"https:\/\/relax-massage.com\/es\/spas-masajes-tratamientos\/hydrafacial\">tratamientos m\u00e1s intensivos<\/a>.<\/p>\n\n\n\n<h3 class=\"wp-block-heading\" id=\"h-vitamina-c-piel-sensible\">Vitamina C en piel sensible<\/h3>\n\n\n\n<p class=\"wp-block-paragraph\">El tratamiento vitamina C en piel sensible requiere una aproximaci\u00f3n m\u00e1s cautelosa. Se recomienda comenzar con derivados estabilizados de vitamina C en concentraciones bajas, introducir el producto de forma progresiva y observar la reacci\u00f3n de la piel durante las primeras semanas. En caso de enrojecimiento o picor persistente, es preferible reducir la frecuencia de uso o cambiar a un derivado m\u00e1s suave.<\/p>\n\n\n\n<h2 class=\"wp-block-heading\" id=\"h-spa-frente-a-casa\">Tratamiento de vitamina C en spa frente al uso en casa<\/h2>\n\n\n\n<p class=\"wp-block-paragraph\">Aunque el mercado ofrece una amplia gama de s\u00e9rums y cremas vitamina C cara para uso dom\u00e9stico, el tratamiento facial con vitamina C en un <a href=\"https:\/\/relax-massage.com\/es\/spas-masajes-tratamientos\/acceso-spa\">entorno de spa profesional<\/a> presenta diferencias significativas que van m\u00e1s all\u00e1 de la concentraci\u00f3n del activo.<\/p>\n\n\n\n<p class=\"wp-block-paragraph\">En un spa de alto nivel, el protocolo comienza con un an\u00e1lisis de la piel para determinar el tipo de vitamina C, la concentraci\u00f3n y las t\u00e9cnicas de aplicaci\u00f3n m\u00e1s adecuadas para cada persona. Las concentraciones utilizadas en cabina pueden superar las disponibles en cosm\u00e9tica de uso dom\u00e9stico, y se combinan con t\u00e9cnicas que favorecen la penetraci\u00f3n del activo, como la iontoforesis, la microdermoabrasi\u00f3n suave o el uso de calor controlado.<\/p>\n\n\n\n<p class=\"wp-block-paragraph\">Adem\u00e1s, el entorno del spa permite combinar la vitamina C con otros activos en un mismo protocolo, como la vitamina E o el \u00e1cido fer\u00falico, en proporciones y texturas optimizadas para maximizar el resultado. El profesional tambi\u00e9n puede adaptar el tratamiento a condiciones espec\u00edficas como el fotoenvejecimiento avanzado, la hiperpigmentaci\u00f3n facial difusa o una piel especialmente sensible que no tolerar\u00eda las concentraciones altas en casa.<\/p>\n\n\n\n<p class=\"wp-block-paragraph\">El resultado inmediato de un tratamiento profesional suele ser una luminosidad cut\u00e1nea visible desde la primera sesi\u00f3n, con una textura m\u00e1s suave y un tono m\u00e1s uniforme. A diferencia del uso dom\u00e9stico, que requiere constancia durante semanas para ver cambios, el tratamiento en cabina act\u00faa de forma m\u00e1s intensa y concentrada, y puede potenciarse con una rutina de mantenimiento en casa.<\/p>\n\n\n\n<p class=\"wp-block-paragraph\">En <a href=\"https:\/\/relax-massage.com\/es\">relax-massage.com\/es<\/a> encontrar\u00e1s una selecci\u00f3n de <a href=\"https:\/\/relax-massage.com\/es\/spas-masajes-tratamientos\/rituales-bienestar\">rituales de bienestar y tratamientos faciales de alta gama<\/a> disponibles en hoteles de cinco estrellas, pensados para quienes buscan resultados visibles en un entorno de lujo.<\/p>\n\n\n\n<blockquote class=\"is-layout-flow wp-block-quote-is-layout-flow\">\n<p><strong>Para recordar<\/strong><\/p>\n<p>La combinaci\u00f3n de vitamina C con vitamina E y \u00e1cido fer\u00falico en una misma f\u00f3rmula mejora significativamente la estabilidad del activo y potencia su efecto antioxidante y antiedad. Es uno de los tr\u00edos m\u00e1s respaldados por la evidencia en cosm\u00e9tica facial profesional.<\/p>\n<\/blockquote>\n\n\n\n<h2 class=\"wp-block-heading\" id=\"h-evidencia-cientifica\">Evidencia cient\u00edfica que respalda el uso de vitamina C facial<\/h2>\n\n\n\n<p class=\"wp-block-paragraph\">El inter\u00e9s cient\u00edfico por la vitamina C t\u00f3pica ha crecido de forma constante en los \u00faltimos a\u00f1os. Un estudio publicado en PubMed evalu\u00f3 un s\u00e9rum t\u00f3pico al 10 % de vitamina C y demostr\u00f3 que mitiga la glicaci\u00f3n cut\u00e1nea, la carbonilaci\u00f3n de prote\u00ednas y la inflamaci\u00f3n, al tiempo que mejora la capacidad antioxidante y el color de la piel. Estos resultados apoyan su valor cl\u00ednico tanto en anti-aging como en skin-brightening.<\/p>\n\n\n\n<figure class=\"wp-block-image\"><img decoding=\"async\" src=\"https:\/\/blog-es.relax-massage.com\/wp-content\/uploads\/2026\/08\/tratamiento-vitamina-c-facial-relax-massage-es-2.webp\" alt=\"tratamiento vitamina C facial\" title=\"tratamiento vitamina C facial\" loading=\"lazy\" width=\"1200\" height=\"675\" style=\"width:100%;height:auto;border-radius:8px;\" \/><\/figure>\n\n\n\n<p class=\"wp-block-paragraph\">Por su parte, una evaluaci\u00f3n multic\u00e9ntrica publicada en el Journal of Cosmetic Dermatology sobre un s\u00e9rum antioxidante con vitamina C mostr\u00f3 mejoras significativas en todos los par\u00e1metros de fotoda\u00f1o facial a las 12 semanas, con una tolerabilidad excelente en todos los participantes. Trabajos acad\u00e9micos adicionales concluyen que los s\u00e9rums faciales con vitamina C son altamente eficaces para proteger contra el envejecimiento precoz, aclarar manchas y aumentar la producci\u00f3n de col\u00e1geno.<\/p>\n\n\n\n<p class=\"wp-block-paragraph\">Esta base cient\u00edfica consolida el tratamiento vitamina C facial como una de las opciones m\u00e1s respaldadas en cosm\u00e9tica activa, tanto para uso dom\u00e9stico como en protocolos de spa profesional.<\/p>\n\n\n\n<h2 class=\"wp-block-heading\" id=\"h-aprovechar-vitamina-c-facial\">Aprovechar al m\u00e1ximo el tratamiento vitamina C facial<\/h2>\n\n\n\n<p class=\"wp-block-paragraph\">La vitamina C facial es mucho m\u00e1s que una tendencia de skincare. Su eficacia antioxidante, su papel en la s\u00edntesis de col\u00e1geno y su capacidad despigmentante est\u00e1n respaldados por una evidencia cient\u00edfica s\u00f3lida y creciente. Tanto si se opta por un s\u00e9rum de uso diario como por un tratamiento profesional en spa, la clave est\u00e1 en elegir la concentraci\u00f3n y el formato adecuados al tipo de piel, mantener una rutina constante y combinar siempre el activo con fotoprotecci\u00f3n.<\/p>\n\n\n\n<p class=\"wp-block-paragraph\">Para quienes buscan resultados m\u00e1s inmediatos y personalizados, un tratamiento en cabina ofrece una <a href=\"https:\/\/relax-massage.com\/es\/spas-masajes-tratamientos\/belleza\">experiencia de spa premium<\/a> que va m\u00e1s all\u00e1 de lo que puede aportar la cosm\u00e9tica dom\u00e9stica.<\/p>\n\n\n\n<h2 class=\"wp-block-heading\" id=\"h-preguntas-frecuentes\">FAQ: Preguntas frecuentes<\/h2>\n\n\n\n<h3 class=\"wp-block-heading\" id=\"h-vitamina-c-y-retinol\">\u00bfSe puede combinar la vitamina C con retinol en la misma rutina?<\/h3>\n\n\n\n<p class=\"wp-block-paragraph\">S\u00ed, pero no en el mismo momento del d\u00eda. Lo m\u00e1s habitual es usar la vitamina C por la ma\u00f1ana, aprovechando su efecto antioxidante durante el d\u00eda, y el retinol por la noche, cuando act\u00faa en el proceso de renovaci\u00f3n celular. Aplicarlos a la vez puede aumentar el riesgo de irritaci\u00f3n, especialmente en pieles sensibles.<\/p>\n\n\n\n<h3 class=\"wp-block-heading\" id=\"h-vitamina-c-y-niacinamida\">\u00bfLa vitamina C facial puede usarse con niacinamida?<\/h3>\n\n\n\n<p class=\"wp-block-paragraph\">Esta combinaci\u00f3n fue objeto de debate durante a\u00f1os, pero la evidencia actual indica que ambos activos pueden usarse juntos sin problemas en la mayor\u00eda de las pieles. La niacinamida aporta beneficios complementarios, como la regulaci\u00f3n del sebo y la mejora de la barrera cut\u00e1nea, por lo que su combinaci\u00f3n con vitamina C puede resultar beneficiosa en pieles mixtas o grasas.<\/p>\n\n\n\n<h3 class=\"wp-block-heading\" id=\"h-tiempo-de-resultados\">\u00bfCu\u00e1nto tiempo tarda en verse el resultado de la vitamina C en la cara?<\/h3>\n\n\n\n<p class=\"wp-block-paragraph\">La luminosidad suele mejorar en las primeras dos a cuatro semanas de uso regular. Los efectos sobre manchas, firmeza y fotoenvejecimiento son m\u00e1s progresivos y se consolidan a partir de las 12 semanas, seg\u00fan los estudios cl\u00ednicos disponibles. La constancia en la aplicaci\u00f3n es el factor m\u00e1s determinante.<\/p>\n\n\n\n<h3 class=\"wp-block-heading\" id=\"h-mancha-la-ropa-o-la-piel\">\u00bfLa vitamina C mancha la ropa o la piel?<\/h3>\n\n\n\n<p class=\"wp-block-paragraph\">El \u00e1cido asc\u00f3rbico puede oxidarse y adquirir un tono amarillento cuando el s\u00e9rum envejece o se expone al aire. Este cambio de color en el producto indica p\u00e9rdida de eficacia, no un riesgo para la piel. Sin embargo, el s\u00e9rum oxidado puede dejar manchas en tejidos claros, por lo que conviene dejar que se absorba bien antes de vestirse.<\/p>\n\n\n\n<h3 class=\"wp-block-heading\" id=\"h-solo-para-pieles-maduras\">\u00bfEs la vitamina C facial solo para pieles maduras?<\/h3>\n\n\n\n<p class=\"wp-block-paragraph\">No. Aunque es especialmente valorada en pieles con signos de fotoenvejecimiento o manchas, la vitamina C es \u00fatil a cualquier edad como antioxidante preventivo. En pieles j\u00f3venes con exposici\u00f3n solar frecuente, su uso regular puede frenar la aparici\u00f3n temprana de da\u00f1os cut\u00e1neos acumulados.<\/p>\n\n\n\n<h3 class=\"wp-block-heading\" id=\"h-serum-vuelto-marron\">\u00bfQu\u00e9 ocurre si el s\u00e9rum de vitamina C se ha vuelto marr\u00f3n?<\/h3>\n\n\n\n<p class=\"wp-block-paragraph\">El cambio de color a tonos amarillo oscuro o marr\u00f3n es una se\u00f1al clara de oxidaci\u00f3n del \u00e1cido asc\u00f3rbico. Un s\u00e9rum oxidado ha perdido gran parte de su eficacia y puede incluso generar radicales libres en lugar de neutralizarlos. En ese caso, lo recomendable es reemplazarlo por uno nuevo y conservar el siguiente en un lugar fresco, seco y alejado de la luz directa.<\/p>\n\n<\/div><\/div>\n","protected":false},"excerpt":{"rendered":"<p>Descubre c\u00f3mo act\u00faa el tratamiento vitamina C facial, qu\u00e9 concentraciones son m\u00e1s eficaces, c\u00f3mo usarlo seg\u00fan tu tipo de piel y qu\u00e9 diferencia el spa del uso en casa.<\/p>\n","protected":false},"author":2,"featured_media":142,"comment_status":"closed","ping_status":"open","sticky":false,"template":"","format":"standard","meta":{"footnotes":""},"categories":[1],"tags":[],"class_list":["post-146","post","type-post","status-publish","format-standard","has-post-thumbnail","hentry","category-uncategorized"],"yoast_head":"<!-- This site is optimized with the Yoast SEO plugin v28.2 - https:\/\/yoast.com\/product\/yoast-seo-wordpress\/ -->\n<title>Tratamiento vitamina C facial | Beneficios y resultados | Relax<\/title>\n<meta name=\"description\" content=\"Descubre c\u00f3mo act\u00faa el tratamiento vitamina C facial, qu\u00e9 concentraciones son m\u00e1s eficaces, c\u00f3mo usarlo seg\u00fan tu tipo de piel y qu\u00e9 diferencia el spa del uso en casa.\" \/>\n<meta name=\"robots\" content=\"index, follow, max-snippet:-1, max-image-preview:large, max-video-preview:-1\" \/>\n<link rel=\"canonical\" href=\"https:\/\/relax-massage.com\/es\/blog\/tratamiento-vitamina-c-facial\" \/>\n<meta property=\"og:locale\" content=\"es_ES\" \/>\n<meta property=\"og:type\" content=\"article\" \/>\n<meta property=\"og:title\" content=\"Tratamiento vitamina C facial | Beneficios y resultados | Relax\" \/>\n<meta property=\"og:description\" content=\"Descubre c\u00f3mo act\u00faa el tratamiento vitamina C facial, qu\u00e9 concentraciones son m\u00e1s eficaces, c\u00f3mo usarlo seg\u00fan tu tipo de piel y qu\u00e9 diferencia el spa del uso en casa.\" \/>\n<meta property=\"og:url\" content=\"https:\/\/relax-massage.com\/es\/blog\/tratamiento-vitamina-c-facial\" \/>\n<meta property=\"og:site_name\" content=\"Relax Massage Blog\" \/>\n<meta property=\"article:published_time\" content=\"2026-08-26T17:16:24+00:00\" \/>\n<meta property=\"article:modified_time\" content=\"2026-08-28T07:18:25+00:00\" \/>\n<meta property=\"og:image\" content=\"https:\/\/blog-es.relax-massage.com\/wp-content\/uploads\/2026\/08\/tratamiento-vitamina-c-facial-2026.webp\" \/>\n\t<meta property=\"og:image:width\" content=\"1024\" \/>\n\t<meta property=\"og:image:height\" content=\"1024\" \/>\n\t<meta property=\"og:image:type\" content=\"image\/webp\" \/>\n<meta name=\"author\" content=\"Arthur\" \/>\n<meta name=\"twitter:card\" content=\"summary_large_image\" \/>\n<meta name=\"twitter:label1\" content=\"Escrito por\" \/>\n\t<meta name=\"twitter:data1\" content=\"Arthur\" \/>\n\t<meta name=\"twitter:label2\" content=\"Tiempo de lectura\" \/>\n\t<meta name=\"twitter:data2\" content=\"14 minutos\" \/>\n<script type=\"application\/ld+json\" class=\"yoast-schema-graph\">{\"@context\":\"https:\\\/\\\/schema.org\",\"@graph\":[{\"@type\":\"Article\",\"@id\":\"https:\\\/\\\/relax-massage.com\\\/es\\\/blog\\\/tratamiento-vitamina-c-facial#article\",\"isPartOf\":{\"@id\":\"https:\\\/\\\/relax-massage.com\\\/es\\\/blog\\\/tratamiento-vitamina-c-facial\"},\"author\":{\"name\":\"Arthur\",\"@id\":\"https:\\\/\\\/relax-massage.com\\\/es\\\/blog\\\/#\\\/schema\\\/person\\\/eae48033974d6c232b9c4620f3b3e95f\"},\"headline\":\"Tratamiento vitamina C facial | Beneficios y resultados\",\"datePublished\":\"2026-08-26T17:16:24+00:00\",\"dateModified\":\"2026-08-28T07:18:25+00:00\",\"mainEntityOfPage\":{\"@id\":\"https:\\\/\\\/relax-massage.com\\\/es\\\/blog\\\/tratamiento-vitamina-c-facial\"},\"wordCount\":2751,\"image\":{\"@id\":\"https:\\\/\\\/relax-massage.com\\\/es\\\/blog\\\/tratamiento-vitamina-c-facial#primaryimage\"},\"thumbnailUrl\":\"https:\\\/\\\/blog-es.relax-massage.com\\\/wp-content\\\/uploads\\\/2026\\\/08\\\/tratamiento-vitamina-c-facial-2026.webp\",\"inLanguage\":\"es\"},{\"@type\":\"WebPage\",\"@id\":\"https:\\\/\\\/relax-massage.com\\\/es\\\/blog\\\/tratamiento-vitamina-c-facial\",\"url\":\"https:\\\/\\\/relax-massage.com\\\/es\\\/blog\\\/tratamiento-vitamina-c-facial\",\"name\":\"Tratamiento vitamina C facial | Beneficios y resultados | Relax\",\"isPartOf\":{\"@id\":\"https:\\\/\\\/relax-massage.com\\\/es\\\/blog\\\/#website\"},\"primaryImageOfPage\":{\"@id\":\"https:\\\/\\\/relax-massage.com\\\/es\\\/blog\\\/tratamiento-vitamina-c-facial#primaryimage\"},\"image\":{\"@id\":\"https:\\\/\\\/relax-massage.com\\\/es\\\/blog\\\/tratamiento-vitamina-c-facial#primaryimage\"},\"thumbnailUrl\":\"https:\\\/\\\/blog-es.relax-massage.com\\\/wp-content\\\/uploads\\\/2026\\\/08\\\/tratamiento-vitamina-c-facial-2026.webp\",\"datePublished\":\"2026-08-26T17:16:24+00:00\",\"dateModified\":\"2026-08-28T07:18:25+00:00\",\"author\":{\"@id\":\"https:\\\/\\\/relax-massage.com\\\/es\\\/blog\\\/#\\\/schema\\\/person\\\/eae48033974d6c232b9c4620f3b3e95f\"},\"description\":\"Descubre c\u00f3mo act\u00faa el tratamiento vitamina C facial, qu\u00e9 concentraciones son m\u00e1s eficaces, c\u00f3mo usarlo seg\u00fan tu tipo de piel y qu\u00e9 diferencia el spa del uso en casa.\",\"breadcrumb\":{\"@id\":\"https:\\\/\\\/relax-massage.com\\\/es\\\/blog\\\/tratamiento-vitamina-c-facial#breadcrumb\"},\"inLanguage\":\"es\",\"potentialAction\":[{\"@type\":\"ReadAction\",\"target\":[\"https:\\\/\\\/relax-massage.com\\\/es\\\/blog\\\/tratamiento-vitamina-c-facial\"]}]},{\"@type\":\"ImageObject\",\"inLanguage\":\"es\",\"@id\":\"https:\\\/\\\/relax-massage.com\\\/es\\\/blog\\\/tratamiento-vitamina-c-facial#primaryimage\",\"url\":\"https:\\\/\\\/blog-es.relax-massage.com\\\/wp-content\\\/uploads\\\/2026\\\/08\\\/tratamiento-vitamina-c-facial-2026.webp\",\"contentUrl\":\"https:\\\/\\\/blog-es.relax-massage.com\\\/wp-content\\\/uploads\\\/2026\\\/08\\\/tratamiento-vitamina-c-facial-2026.webp\",\"width\":1024,\"height\":1024,\"caption\":\"Tratamiento vitamina C facial | Beneficios y resultados - tratamiento vitamina c facial\"},{\"@type\":\"BreadcrumbList\",\"@id\":\"https:\\\/\\\/relax-massage.com\\\/es\\\/blog\\\/tratamiento-vitamina-c-facial#breadcrumb\",\"itemListElement\":[{\"@type\":\"ListItem\",\"position\":1,\"name\":\"Accueil\",\"item\":\"https:\\\/\\\/relax-massage.com\\\/es\\\/blog\"},{\"@type\":\"ListItem\",\"position\":2,\"name\":\"Tratamiento vitamina C facial | Beneficios y resultados\"}]},{\"@type\":\"WebSite\",\"@id\":\"https:\\\/\\\/relax-massage.com\\\/es\\\/blog\\\/#website\",\"url\":\"https:\\\/\\\/relax-massage.com\\\/es\\\/blog\\\/\",\"name\":\"Relax Massage Blog\",\"description\":\"\",\"potentialAction\":[{\"@type\":\"SearchAction\",\"target\":{\"@type\":\"EntryPoint\",\"urlTemplate\":\"https:\\\/\\\/relax-massage.com\\\/es\\\/blog\\\/?s={search_term_string}\"},\"query-input\":{\"@type\":\"PropertyValueSpecification\",\"valueRequired\":true,\"valueName\":\"search_term_string\"}}],\"inLanguage\":\"es\"},{\"@type\":\"Person\",\"@id\":\"https:\\\/\\\/relax-massage.com\\\/es\\\/blog\\\/#\\\/schema\\\/person\\\/eae48033974d6c232b9c4620f3b3e95f\",\"name\":\"Arthur\",\"image\":{\"@type\":\"ImageObject\",\"inLanguage\":\"es\",\"@id\":\"https:\\\/\\\/secure.gravatar.com\\\/avatar\\\/c6f0ef902ca84576a8ec8d19c7b9bd3cf56220c0f03f6d4c107df6df536e5553?s=96&d=mm&r=g\",\"url\":\"https:\\\/\\\/secure.gravatar.com\\\/avatar\\\/c6f0ef902ca84576a8ec8d19c7b9bd3cf56220c0f03f6d4c107df6df536e5553?s=96&d=mm&r=g\",\"contentUrl\":\"https:\\\/\\\/secure.gravatar.com\\\/avatar\\\/c6f0ef902ca84576a8ec8d19c7b9bd3cf56220c0f03f6d4c107df6df536e5553?s=96&d=mm&r=g\",\"caption\":\"Arthur\"},\"url\":\"https:\\\/\\\/relax-massage.com\\\/es\\\/blog\\\/author\\\/arthur\"}]}<\/script>\n<!-- \/ Yoast SEO plugin. -->","yoast_head_json":{"title":"Tratamiento vitamina C facial | Beneficios y resultados | Relax","description":"Descubre c\u00f3mo act\u00faa el tratamiento vitamina C facial, qu\u00e9 concentraciones son m\u00e1s eficaces, c\u00f3mo usarlo seg\u00fan tu tipo de piel y qu\u00e9 diferencia el spa del uso en casa.","robots":{"index":"index","follow":"follow","max-snippet":"max-snippet:-1","max-image-preview":"max-image-preview:large","max-video-preview":"max-video-preview:-1"},"canonical":"https:\/\/relax-massage.com\/es\/blog\/tratamiento-vitamina-c-facial","og_locale":"es_ES","og_type":"article","og_title":"Tratamiento vitamina C facial | Beneficios y resultados | Relax","og_description":"Descubre c\u00f3mo act\u00faa el tratamiento vitamina C facial, qu\u00e9 concentraciones son m\u00e1s eficaces, c\u00f3mo usarlo seg\u00fan tu tipo de piel y qu\u00e9 diferencia el spa del uso en casa.","og_url":"https:\/\/relax-massage.com\/es\/blog\/tratamiento-vitamina-c-facial","og_site_name":"Relax Massage Blog","article_published_time":"2026-08-26T17:16:24+00:00","article_modified_time":"2026-08-28T07:18:25+00:00","og_image":[{"width":1024,"height":1024,"url":"https:\/\/blog-es.relax-massage.com\/wp-content\/uploads\/2026\/08\/tratamiento-vitamina-c-facial-2026.webp","type":"image\/webp"}],"author":"Arthur","twitter_card":"summary_large_image","twitter_misc":{"Escrito por":"Arthur","Tiempo de lectura":"14 minutos"},"schema":{"@context":"https:\/\/schema.org","@graph":[{"@type":"Article","@id":"https:\/\/relax-massage.com\/es\/blog\/tratamiento-vitamina-c-facial#article","isPartOf":{"@id":"https:\/\/relax-massage.com\/es\/blog\/tratamiento-vitamina-c-facial"},"author":{"name":"Arthur","@id":"https:\/\/relax-massage.com\/es\/blog\/#\/schema\/person\/eae48033974d6c232b9c4620f3b3e95f"},"headline":"Tratamiento vitamina C facial | Beneficios y resultados","datePublished":"2026-08-26T17:16:24+00:00","dateModified":"2026-08-28T07:18:25+00:00","mainEntityOfPage":{"@id":"https:\/\/relax-massage.com\/es\/blog\/tratamiento-vitamina-c-facial"},"wordCount":2751,"image":{"@id":"https:\/\/relax-massage.com\/es\/blog\/tratamiento-vitamina-c-facial#primaryimage"},"thumbnailUrl":"https:\/\/blog-es.relax-massage.com\/wp-content\/uploads\/2026\/08\/tratamiento-vitamina-c-facial-2026.webp","inLanguage":"es"},{"@type":"WebPage","@id":"https:\/\/relax-massage.com\/es\/blog\/tratamiento-vitamina-c-facial","url":"https:\/\/relax-massage.com\/es\/blog\/tratamiento-vitamina-c-facial","name":"Tratamiento vitamina C facial | Beneficios y resultados | Relax","isPartOf":{"@id":"https:\/\/relax-massage.com\/es\/blog\/#website"},"primaryImageOfPage":{"@id":"https:\/\/relax-massage.com\/es\/blog\/tratamiento-vitamina-c-facial#primaryimage"},"image":{"@id":"https:\/\/relax-massage.com\/es\/blog\/tratamiento-vitamina-c-facial#primaryimage"},"thumbnailUrl":"https:\/\/blog-es.relax-massage.com\/wp-content\/uploads\/2026\/08\/tratamiento-vitamina-c-facial-2026.webp","datePublished":"2026-08-26T17:16:24+00:00","dateModified":"2026-08-28T07:18:25+00:00","author":{"@id":"https:\/\/relax-massage.com\/es\/blog\/#\/schema\/person\/eae48033974d6c232b9c4620f3b3e95f"},"description":"Descubre c\u00f3mo act\u00faa el tratamiento vitamina C facial, qu\u00e9 concentraciones son m\u00e1s eficaces, c\u00f3mo usarlo seg\u00fan tu tipo de piel y qu\u00e9 diferencia el spa del uso en casa.","breadcrumb":{"@id":"https:\/\/relax-massage.com\/es\/blog\/tratamiento-vitamina-c-facial#breadcrumb"},"inLanguage":"es","potentialAction":[{"@type":"ReadAction","target":["https:\/\/relax-massage.com\/es\/blog\/tratamiento-vitamina-c-facial"]}]},{"@type":"ImageObject","inLanguage":"es","@id":"https:\/\/relax-massage.com\/es\/blog\/tratamiento-vitamina-c-facial#primaryimage","url":"https:\/\/blog-es.relax-massage.com\/wp-content\/uploads\/2026\/08\/tratamiento-vitamina-c-facial-2026.webp","contentUrl":"https:\/\/blog-es.relax-massage.com\/wp-content\/uploads\/2026\/08\/tratamiento-vitamina-c-facial-2026.webp","width":1024,"height":1024,"caption":"Tratamiento vitamina C facial | Beneficios y resultados - tratamiento vitamina c facial"},{"@type":"BreadcrumbList","@id":"https:\/\/relax-massage.com\/es\/blog\/tratamiento-vitamina-c-facial#breadcrumb","itemListElement":[{"@type":"ListItem","position":1,"name":"Accueil","item":"https:\/\/relax-massage.com\/es\/blog"},{"@type":"ListItem","position":2,"name":"Tratamiento vitamina C facial | Beneficios y resultados"}]},{"@type":"WebSite","@id":"https:\/\/relax-massage.com\/es\/blog\/#website","url":"https:\/\/relax-massage.com\/es\/blog\/","name":"Relax Massage Blog","description":"","potentialAction":[{"@type":"SearchAction","target":{"@type":"EntryPoint","urlTemplate":"https:\/\/relax-massage.com\/es\/blog\/?s={search_term_string}"},"query-input":{"@type":"PropertyValueSpecification","valueRequired":true,"valueName":"search_term_string"}}],"inLanguage":"es"},{"@type":"Person","@id":"https:\/\/relax-massage.com\/es\/blog\/#\/schema\/person\/eae48033974d6c232b9c4620f3b3e95f","name":"Arthur","image":{"@type":"ImageObject","inLanguage":"es","@id":"https:\/\/secure.gravatar.com\/avatar\/c6f0ef902ca84576a8ec8d19c7b9bd3cf56220c0f03f6d4c107df6df536e5553?s=96&d=mm&r=g","url":"https:\/\/secure.gravatar.com\/avatar\/c6f0ef902ca84576a8ec8d19c7b9bd3cf56220c0f03f6d4c107df6df536e5553?s=96&d=mm&r=g","contentUrl":"https:\/\/secure.gravatar.com\/avatar\/c6f0ef902ca84576a8ec8d19c7b9bd3cf56220c0f03f6d4c107df6df536e5553?s=96&d=mm&r=g","caption":"Arthur"},"url":"https:\/\/relax-massage.com\/es\/blog\/author\/arthur"}]}},"_links":{"self":[{"href":"https:\/\/blog-es.relax-massage.com\/wp-json\/wp\/v2\/posts\/146","targetHints":{"allow":["GET"]}}],"collection":[{"href":"https:\/\/blog-es.relax-massage.com\/wp-json\/wp\/v2\/posts"}],"about":[{"href":"https:\/\/blog-es.relax-massage.com\/wp-json\/wp\/v2\/types\/post"}],"author":[{"embeddable":true,"href":"https:\/\/blog-es.relax-massage.com\/wp-json\/wp\/v2\/users\/2"}],"replies":[{"embeddable":true,"href":"https:\/\/blog-es.relax-massage.com\/wp-json\/wp\/v2\/comments?post=146"}],"version-history":[{"count":1,"href":"https:\/\/blog-es.relax-massage.com\/wp-json\/wp\/v2\/posts\/146\/revisions"}],"predecessor-version":[{"id":147,"href":"https:\/\/blog-es.relax-massage.com\/wp-json\/wp\/v2\/posts\/146\/revisions\/147"}],"wp:featuredmedia":[{"embeddable":true,"href":"https:\/\/blog-es.relax-massage.com\/wp-json\/wp\/v2\/media\/142"}],"wp:attachment":[{"href":"https:\/\/blog-es.relax-massage.com\/wp-json\/wp\/v2\/media?parent=146"}],"wp:term":[{"taxonomy":"category","embeddable":true,"href":"https:\/\/blog-es.relax-massage.com\/wp-json\/wp\/v2\/categories?post=146"},{"taxonomy":"post_tag","embeddable":true,"href":"https:\/\/blog-es.relax-massage.com\/wp-json\/wp\/v2\/tags?post=146"}],"curies":[{"name":"wp","href":"https:\/\/api.w.org\/{rel}","templated":true}]}}