{"id":292,"date":"2026-08-16T12:11:48","date_gmt":"2026-08-16T12:11:48","guid":{"rendered":"https:\/\/relax-massage.com\/fr\/blog\/spa-privatif-enterrement-vie-garcon-paris"},"modified":"2026-08-18T09:03:02","modified_gmt":"2026-08-18T09:03:02","slug":"spa-privatif-enterrement-vie-garcon-paris","status":"publish","type":"post","link":"https:\/\/relax-massage.com\/fr\/blog\/spa-privatif-enterrement-vie-garcon-paris","title":{"rendered":"Spa privatif enterrement vie gar\u00e7on \u00e0 Paris | Guide"},"content":{"rendered":"\n<style>\n.oscar-article h2 { color: #29382C !important; border: none !important; border-bottom: 2px solid #29382C !important; padding-bottom: 0.2em !important; }\n.oscar-article h3 { color: #29382C !important; border: none !important; }\n.oscar-article p, .oscar-article ul, .oscar-article ol { margin-top: 0.3em !important; margin-bottom: 0.3em !important; }\n.oscar-article ol { padding-left: 0.7em !important; }\n.oscar-article a:not([target]):not([href^=\"#\"]) { color: #29382C !important; text-decoration: underline !important; text-decoration-color: #29382C !important; }\n.oscar-article #h-toc a { color: #29382C !important; text-decoration: underline !important; text-decoration-color: #29382C !important; }\n.oscar-article table { width: 100% !important; border-collapse: collapse !important; margin: 1em 0 !important; }\n.oscar-article th, .oscar-article td { border: 1px solid #e5e5e5 !important; padding: 0.6em 0.8em !important; text-align: left !important; }\n.oscar-article th { background-color: #f5f3ff !important; font-weight: 600 !important; }\n.oscar-article caption { caption-side: top !important; text-align: left !important; font-style: italic !important; padding: 0.3em 0 !important; color: #555 !important; }\n<\/style>\n\n\n\n<div class=\"wp-block-group oscar-article\"><div class=\"wp-block-group__inner-container is-layout-flow wp-block-group-is-layout-flow\">\n\n<p class=\"wp-block-paragraph\">L&rsquo;enterrement de vie de gar\u00e7on a longtemps rim\u00e9 avec soir\u00e9e arros\u00e9e, karting ou saut en parachute. Pourtant, une tendance de fond redessine les codes de cet \u00e9v\u00e9nement : de plus en plus de groupes d&rsquo;amis choisissent la d\u00e9tente et le rituel bien-\u00eatre, par exemple un spa privatif enterrement vie gar\u00e7on, comme alternative s\u00e9rieuse aux activit\u00e9s \u00e0 sensations fortes.<\/p>\n\n\n\n<p class=\"wp-block-paragraph\">\u00c0 Paris, la demande pour un spa privatif enterrement vie gar\u00e7on a nettement progress\u00e9 ces derni\u00e8res ann\u00e9es, port\u00e9e par un march\u00e9 du spa en France estim\u00e9 \u00e0 <a href=\"https:\/\/epsimas.com\/etude-de-marche-des-spas\/\" target=\"_blank\" rel=\"noopener\">plus de 3 milliards d&rsquo;euros en 2024<\/a>. Casser le mythe de l&rsquo;EVG uniquement festif et bruyant, c&rsquo;est pr\u00e9cis\u00e9ment l&rsquo;objectif de cet article : vous montrer comment un espace bien-\u00eatre privatis\u00e9 peut devenir le cadre id\u00e9al pour c\u00e9l\u00e9brer le futur mari\u00e9, entre convivialit\u00e9 assum\u00e9e et ressourcement v\u00e9ritable.<\/p>\n\n\n\n<h2 class=\"wp-block-heading\" id=\"h-title\">Spa privatif enterrement vie gar\u00e7on \u00e0 Paris | Guide<\/h2>\n\n\n\n<p class=\"wp-block-paragraph\">Temps de lecture : ~10 min<\/p>\n\n\n\n<ol class=\"wp-block-list\" id=\"h-toc\">\n  \n<li><a href=\"#h-pourquoi-choisir-spa-privatif-evg\">Pourquoi choisir un spa privatif pour un enterrement de vie de gar\u00e7on ?<\/a><\/li>\n\n  \n<li><a href=\"#h-deroulement-evg-spa-parisien\">Quel est le d\u00e9roul\u00e9 type d&rsquo;un EVG dans un spa privatif parisien ?<\/a><\/li>\n\n  \n<li><a href=\"#h-budget-formules-reserver\">Budget et formules : ce qu&rsquo;il faut savoir avant de r\u00e9server<\/a><\/li>\n\n  \n<li><a href=\"#h-organiser-evg-spa-checklist\">Comment organiser un EVG dans un spa privatif : checklist \u00e9tape par \u00e9tape<\/a><\/li>\n\n  \n<li><a href=\"#h-selection-adresses-paris\">Spa privatif enterrement vie gar\u00e7on \u00e0 Paris : s\u00e9lection d&rsquo;adresses<\/a><\/li>\n\n  \n<li><a href=\"#h-activites-combiner-spa-evg\">Quelles activit\u00e9s combiner avec un spa privatif lors d&rsquo;un EVG ?<\/a><\/li>\n\n  \n<li><a href=\"#h-retenir-spa-privatif-evg-paris\">Ce qu&rsquo;il faut retenir pour votre EVG au spa \u00e0 Paris<\/a><\/li>\n\n  \n<li><a href=\"#h-faq-spa-privatif-evg\">Questions fr\u00e9quentes sur le spa privatif EVG<\/a><\/li>\n\n<\/ol>\n\n\n\n<h2 class=\"wp-block-heading\" id=\"h-pourquoi-choisir-spa-privatif-evg\">Pourquoi choisir un spa privatif pour un enterrement de vie de gar\u00e7on ?<\/h2>\n\n\n\n<h3 class=\"wp-block-heading\">Une exp\u00e9rience 100 % privatis\u00e9e pour votre groupe<\/h3>\n\n\n\n<p class=\"wp-block-paragraph\">L&rsquo;argument principal tient en un mot : l&rsquo;exclusivit\u00e9. Lorsqu&rsquo;un espace bien-\u00eatre est privatis\u00e9 pour votre groupe, vous n&rsquo;y croisez aucun autre client. Le hammam, le jacuzzi privatif, les cabines de massage et les espaces de d\u00e9tente vous appartiennent le temps de votre r\u00e9servation. Cette intimit\u00e9 totale transforme radicalement l&rsquo;ambiance : les plaisanteries fusent, le niveau sonore s&rsquo;adapte \u00e0 votre groupe, et chacun profite du lieu sans contrainte de voisinage.<\/p>\n\n\n\n<figure class=\"wp-block-image\"><img decoding=\"async\" src=\"https:\/\/blog.relax-massage.com\/wp-content\/uploads\/2026\/08\/spa-privatif-enterrement-vie-garcon-paris.webp\" alt=\"spa privatif enterrement vie gar\u00e7on\" title=\"spa privatif enterrement vie gar\u00e7on\" loading=\"lazy\" width=\"1200\" height=\"675\" style=\"width:100%;height:auto;border-radius:8px;\" \/><\/figure>\n\n\n\n<h3 class=\"wp-block-heading\">Un temps de r\u00e9cup\u00e9ration dans un week-end charg\u00e9<\/h3>\n\n\n\n<p class=\"wp-block-paragraph\">Cette formule r\u00e9pond aussi \u00e0 un besoin pratique. Un week-end d&rsquo;EVG est souvent dense, entre d\u00eener, soir\u00e9e et activit\u00e9s diverses. Int\u00e9grer une session spa de deux \u00e0 trois heures dans le programme permet au groupe de souffler, de r\u00e9cup\u00e9rer et d&rsquo;arriver \u00e0 la suite des festivit\u00e9s dans un \u00e9tat de forme optimal. C&rsquo;est une logique de rythme autant que de plaisir.<\/p>\n\n\n\n<h3 class=\"wp-block-heading\">Une activit\u00e9 bien-\u00eatre qui parle aussi aux hommes<\/h3>\n\n\n\n<p class=\"wp-block-paragraph\">Enfin, l&rsquo;EVG au spa casse un st\u00e9r\u00e9otype tenace : celui de l&rsquo;activit\u00e9 bien-\u00eatre r\u00e9serv\u00e9e aux femmes. Les rituels orientaux, le gommage au savon noir, le massage sportif ou le bain nordique sont des exp\u00e9riences sensorielles fortes, physiquement engageantes, qui plaisent autant aux groupes masculins qu&rsquo;\u00e0 tout autre profil. Le march\u00e9 l&rsquo;a compris, et plusieurs \u00e9tablissements parisiens proposent d\u00e9sormais des formules pens\u00e9es sp\u00e9cifiquement pour les groupes d&rsquo;hommes.<\/p>\n\n\n\n<h2 class=\"wp-block-heading\" id=\"h-deroulement-evg-spa-parisien\">Quel est le d\u00e9roul\u00e9 type d&rsquo;un EVG dans un spa privatif parisien ?<\/h2>\n\n\n\n<h3 class=\"wp-block-heading\">Premi\u00e8re s\u00e9quence : l&rsquo;espace thermique<\/h3>\n\n\n\n<p class=\"wp-block-paragraph\">Une session bien-\u00eatre pour un enterrement de vie de gar\u00e7on s&rsquo;articule g\u00e9n\u00e9ralement autour de deux \u00e0 trois s\u00e9quences. La premi\u00e8re est l&rsquo;acc\u00e8s \u00e0 l&rsquo;espace thermique : hammam purifiant, sauna, bain baln\u00e9o ou jacuzzi privatif selon les \u00e9quipements du lieu. Cette phase dure en g\u00e9n\u00e9ral entre quarante-cinq minutes et une heure, et permet au groupe de se d\u00e9tendre progressivement dans une atmosph\u00e8re chaude et enveloppante.<\/p>\n\n\n\n<h3 class=\"wp-block-heading\">Deuxi\u00e8me s\u00e9quence : les soins<\/h3>\n\n\n\n<p class=\"wp-block-paragraph\">Vient ensuite la partie soins. Selon la formule choisie, chaque participant peut b\u00e9n\u00e9ficier d&rsquo;un <a href=\"https:\/\/relax-massage.com\/fr\/spas-massages-soins\/soins-corps\">gommage au savon noir, d&rsquo;un massage relaxant en groupe<\/a> ou d&rsquo;un soin corps en duo. Certains \u00e9tablissements disposent de plusieurs cabines de massage ouvertes simultan\u00e9ment, ce qui permet de traiter plusieurs personnes en parall\u00e8le et d&rsquo;\u00e9viter les longues attentes. Pour un groupe de dix personnes, il est courant de pr\u00e9voir deux \u00e0 quatre praticiens mobilis\u00e9s sur le cr\u00e9neau.<\/p>\n\n\n\n<h3 class=\"wp-block-heading\">Troisi\u00e8me s\u00e9quence : le moment de convivialit\u00e9<\/h3>\n\n\n\n<p class=\"wp-block-paragraph\">La troisi\u00e8me s\u00e9quence est optionnelle mais souvent appr\u00e9ci\u00e9e : un moment de convivialit\u00e9 dans un espace lounge ou de repos, parfois accompagn\u00e9 de boissons propos\u00e9es par l&rsquo;\u00e9tablissement. Certains spas parisiens \u00e0 th\u00e8me, comme Royal Beer Spa, int\u00e8grent leur concept signature directement dans la formule EVG, en proposant par exemple des bains \u00e0 la bi\u00e8re ou des soins \u00e0 base de houblon, ce qui donne un caract\u00e8re original et m\u00e9morable \u00e0 l&rsquo;\u00e9v\u00e9nement.<\/p>\n\n\n\n<blockquote class=\"is-layout-flow wp-block-quote-is-layout-flow\">\n  <strong>Bon \u00e0 savoir<\/strong><br>\n  Le dress code dans un spa privatif est g\u00e9n\u00e9ralement simple : maillot de bain ou short de bain pour les espaces humides, peignoir et sandales fournis par l&rsquo;\u00e9tablissement pour les d\u00e9placements. Renseignez-vous \u00e0 la r\u00e9servation pour confirmer ce qui est inclus dans la dotation.\n<\/blockquote>\n\n\n\n<h2 class=\"wp-block-heading\" id=\"h-budget-formules-reserver\">Budget et formules : ce qu&rsquo;il faut savoir avant de r\u00e9server<\/h2>\n\n\n\n<h3 class=\"wp-block-heading\">Comment sont structur\u00e9es les formules EVG en spa privatif ?<\/h3>\n\n\n\n<p class=\"wp-block-paragraph\">La tarification d&rsquo;une privatisation de spa pour un EVG peut s&rsquo;organiser de deux fa\u00e7ons : un forfait global pour l&rsquo;ensemble du groupe (souvent calcul\u00e9 sur une base de dix personnes), ou un tarif par personne avec un minimum de participants requis. Les dur\u00e9es les plus courantes sont deux heures, trois heures ou une demi-journ\u00e9e.<\/p>\n\n\n\n<h3 class=\"wp-block-heading\">Fourchettes de prix pour un spa privatif EVG \u00e0 Paris<\/h3>\n\n\n\n<p class=\"wp-block-paragraph\">Pour vous aider \u00e0 cadrer votre budget, voici une vue d&rsquo;ensemble des formules g\u00e9n\u00e9ralement propos\u00e9es sur le march\u00e9 parisien :<\/p>\n\n\n\n<figure class=\"wp-block-table\"><table>\n  <caption>Fourchettes de prix pour une privatisation de spa EVG \u00e0 Paris<\/caption>\n  <thead>\n    <tr>\n      <th>Dur\u00e9e de privatisation<\/th>\n      <th>Groupe type<\/th>\n      <th>Fourchette de prix globale<\/th>\n      <th>Ce qui est g\u00e9n\u00e9ralement inclus<\/th>\n    <\/tr>\n  <\/thead>\n  <tbody>\n    <tr>\n      <td>2 heures<\/td>\n      <td>8 \u00e0 12 personnes<\/td>\n      <td>400 \u00e0 700 \u20ac<\/td>\n      <td>Acc\u00e8s espace thermique, vestiaires, peignoirs<\/td>\n    <\/tr>\n    <tr>\n      <td>3 heures<\/td>\n      <td>8 \u00e0 15 personnes<\/td>\n      <td>700 \u00e0 1 200 \u20ac<\/td>\n      <td>Acc\u00e8s spa + soins corps (gommage ou massage)<\/td>\n    <\/tr>\n    <tr>\n      <td>Demi-journ\u00e9e<\/td>\n      <td>10 \u00e0 15 personnes<\/td>\n      <td>1 200 \u00e0 2 000 \u20ac<\/td>\n      <td>Privatisation compl\u00e8te + soins + espace lounge<\/td>\n    <\/tr>\n  <\/tbody>\n<\/table><\/figure>\n\n\n\n<p class=\"wp-block-paragraph\">Ces fourchettes sont indicatives et varient selon le positionnement de l&rsquo;\u00e9tablissement, la localisation \u00e0 Paris, les soins inclus et les options choisies (massages individuels, champagne, animation bien-\u00eatre). La plupart des spas travaillent sur devis pour les groupes, ce qui permet d&rsquo;adapter la formule \u00e0 votre budget et \u00e0 vos attentes pr\u00e9cises. Un acompte est g\u00e9n\u00e9ralement demand\u00e9 \u00e0 la r\u00e9servation, avec une politique d&rsquo;annulation \u00e0 v\u00e9rifier selon chaque \u00e9tablissement.<\/p>\n\n\n\n<h2 class=\"wp-block-heading\" id=\"h-organiser-evg-spa-checklist\">Comment organiser un EVG dans un spa privatif : checklist \u00e9tape par \u00e9tape<\/h2>\n\n\n\n<p class=\"wp-block-paragraph\">Organiser une privatisation de spa pour un enterrement de vie de gar\u00e7on demande un minimum d&rsquo;anticipation, surtout \u00e0 Paris o\u00f9 les cr\u00e9neaux du week-end se remplissent rapidement. Voici les \u00e9tapes cl\u00e9s \u00e0 suivre pour que la journ\u00e9e se d\u00e9roule sans accroc.<\/p>\n\n\n\n<figure class=\"wp-block-image\"><img decoding=\"async\" src=\"https:\/\/blog.relax-massage.com\/wp-content\/uploads\/2026\/08\/spa-privatif-enterrement-vie-garcon-paris-relax-massage-fr.webp\" alt=\"spa privatif enterrement vie gar\u00e7on\" title=\"spa privatif enterrement vie gar\u00e7on\" loading=\"lazy\" width=\"1200\" height=\"675\" style=\"width:100%;height:auto;border-radius:8px;\" \/><\/figure>\n\n\n\n<p class=\"wp-block-paragraph\"><strong>D\u00e9finir le nombre de participants confirm\u00e9s.<\/strong> C&rsquo;est le premier param\u00e8tre que tout \u00e9tablissement vous demandera pour \u00e9tablir un devis. Pr\u00e9voyez une marge : certains spas fixent un minimum de participants (souvent six \u00e0 huit personnes) et un maximum li\u00e9 \u00e0 la capacit\u00e9 d&rsquo;accueil de l&rsquo;espace privatis\u00e9.<\/p>\n\n\n\n<p class=\"wp-block-paragraph\"><strong>Choisir le type d&rsquo;exp\u00e9rience souhait\u00e9e.<\/strong> Voulez-vous un rituel oriental avec hammam et gommage au savon noir ? Un spa \u00e0 th\u00e8me avec concept original ? Des massages en groupe en cabines simultan\u00e9es ? La r\u00e9ponse oriente directement le choix de l&rsquo;\u00e9tablissement. \u00c0 Paris, les offres vont du spa d&rsquo;h\u00f4tel haut de gamme au concept store bien-\u00eatre en passant par des lieux th\u00e9matiques tr\u00e8s identifi\u00e9s.<\/p>\n\n\n\n<p class=\"wp-block-paragraph\"><strong>Contacter les \u00e9tablissements pr\u00e9s\u00e9lectionn\u00e9s avec une demande de devis pr\u00e9cise<\/strong> : date souhait\u00e9e, nombre de participants, dur\u00e9e envisag\u00e9e, soins souhait\u00e9s, et toute contrainte particuli\u00e8re (accessibilit\u00e9, stationnement, possibilit\u00e9 d&rsquo;apporter des boissons). Comparez les r\u00e9ponses non seulement sur le prix, mais aussi sur la r\u00e9activit\u00e9, la clart\u00e9 du contrat et la flexibilit\u00e9 propos\u00e9e.<\/p>\n\n\n\n<p class=\"wp-block-paragraph\"><strong>Confirmer la r\u00e9servation avec l&rsquo;acompte demand\u00e9<\/strong> d\u00e8s que la date est arr\u00eat\u00e9e. Pour un EVG en week-end \u00e0 Paris, r\u00e9server six \u00e0 huit semaines \u00e0 l&rsquo;avance est une pr\u00e9caution raisonnable, voire davantage pour les p\u00e9riodes de forte demande comme le printemps ou les mois pr\u00e9c\u00e9dant la saison des mariages.<\/p>\n\n\n\n<p class=\"wp-block-paragraph\"><strong>Communiquer les informations pratiques au groupe<\/strong> : adresse pr\u00e9cise, heure de rendez-vous avec une marge de ponctualit\u00e9, dress code, et rappel des r\u00e8gles de comportement attendues dans un espace bien-\u00eatre (niveau sonore mod\u00e9r\u00e9 dans les zones de soins, respect des autres participants m\u00eame en privatisation).<\/p>\n\n\n\n<h2 class=\"wp-block-heading\" id=\"h-selection-adresses-paris\">Spa privatif enterrement vie gar\u00e7on \u00e0 Paris : s\u00e9lection d&rsquo;adresses<\/h2>\n\n\n\n<p class=\"wp-block-paragraph\">Paris concentre une offre diversifi\u00e9e pour les groupes qui souhaitent privatiser un espace bien-\u00eatre dans le cadre d&rsquo;un EVG. Voici quelques adresses qui se distinguent par leur positionnement et leur capacit\u00e9 d&rsquo;accueil groupe.<\/p>\n\n\n\n<p class=\"wp-block-paragraph\"><strong>O-Kari Marais<\/strong>, dans le quatri\u00e8me arrondissement, propose la privatisation de son hammam pour des groupes d&rsquo;hommes, avec un programme structur\u00e9 autour du rituel oriental : hammam purifiant, gommage au savon noir et massage relaxant. La dimension culturelle et sensorielle de l&rsquo;exp\u00e9rience en fait un choix fort pour un EVG qui veut sortir des sentiers battus.<\/p>\n\n\n\n<p class=\"wp-block-paragraph\"><strong>Royal Beer Spa Paris<\/strong> mise sur l&rsquo;originalit\u00e9 avec son concept de spa \u00e0 la bi\u00e8re. La privatisation est possible pour deux ou trois heures, dans un espace enti\u00e8rement d\u00e9di\u00e9 \u00e0 votre groupe. Le positionnement festif et d\u00e9cal\u00e9 colle parfaitement \u00e0 l&rsquo;esprit d&rsquo;un enterrement de vie de gar\u00e7on qui veut allier d\u00e9tente et bonne humeur.<\/p>\n\n\n\n<p class=\"wp-block-paragraph\"><strong>Spa Dans le Noir \u00e0 Paris<\/strong> propose une exp\u00e9rience sensorielle unique, en pleine obscurit\u00e9, privatisable pour des groupes. Le concept joue sur la privation d&rsquo;un sens pour d\u00e9cupler les autres, ce qui cr\u00e9e une ambiance m\u00e9morable et originale, id\u00e9ale pour un EVG qui cherche quelque chose de vraiment diff\u00e9rent.<\/p>\n\n\n\n<p class=\"wp-block-paragraph\">Pour les groupes qui pr\u00e9f\u00e8rent un cadre plus classiquement h\u00f4telier et haut de gamme, plusieurs spas parisiens r\u00e9f\u00e9renc\u00e9s sur Relax Massage offrent des rituels soins corps et visage dans des environnements soign\u00e9s, avec des \u00e9quipes form\u00e9es \u00e0 l&rsquo;accueil \u00e9v\u00e9nementiel. Le <a href=\"https:\/\/relax-massage.com\/fr\/spas-massages-soins\/spa-codage-pavillon-de-la-reine\">Spa Codage au Pavillon de la Reine<\/a>, dans le Marais, ou encore le <a href=\"https:\/\/relax-massage.com\/fr\/spas-massages-soins\/spa-des-pres\">Spa des Pr\u00e9s<\/a>, proposent des rituels soins corps et visage dans des environnements soign\u00e9s, avec des \u00e9quipes form\u00e9es \u00e0 l&rsquo;accueil \u00e9v\u00e9nementiel. Vous pouvez consulter l&rsquo;ensemble des <a href=\"https:\/\/relax-massage.com\/fr\/spas-massages-soins\">\u00e9tablissements r\u00e9f\u00e9renc\u00e9s sur Relax Massage<\/a> pour identifier celui qui correspond le mieux \u00e0 votre groupe.<\/p>\n\n\n\n<p class=\"wp-block-paragraph\">Si votre EVG combine plusieurs activit\u00e9s sur un week-end, des plateformes comme Funbooker ou EVG.fr agr\u00e8gent des offres de spa privatif dans plusieurs villes fran\u00e7aises, ce qui peut \u00eatre utile si le groupe se retrouve en dehors de Paris.<\/p>\n\n\n\n<blockquote class=\"is-layout-flow wp-block-quote-is-layout-flow\">\n  <strong>\u00c0 retenir<\/strong><br>\n  La FPBE (F\u00e9d\u00e9ration Professionnelle du Bien-\u00catre) et Atout France estiment le <a href=\"https:\/\/www.challes-les-eaux.online\/thermes\/les-nouvelles-tendances-du-bien-etre-et-du-spa-en-france-et-en-europe\/\" target=\"_blank\" rel=\"noopener\">chiffre d&rsquo;affaires global des spas en France entre 5,5 et 5,8 milliards d&rsquo;euros en 2024, en hausse de 6 % par rapport \u00e0 2023<\/a>. La privatisation pour \u00e9v\u00e9nements repr\u00e9sente un axe de d\u00e9veloppement majeur pour les \u00e9tablissements urbains, ce qui se traduit par une offre de plus en plus structur\u00e9e et professionnelle pour les groupes EVG.\n<\/blockquote>\n\n\n\n<h2 class=\"wp-block-heading\" id=\"h-activites-combiner-spa-evg\">Quelles activit\u00e9s combiner avec un spa privatif lors d&rsquo;un EVG ?<\/h2>\n\n\n\n<p class=\"wp-block-paragraph\">Le spa privatif fonctionne tr\u00e8s bien comme ancre centrale d&rsquo;un programme EVG, autour duquel s&rsquo;articulent d&rsquo;autres activit\u00e9s. Plusieurs combinaisons sont particuli\u00e8rement appr\u00e9ci\u00e9es par les groupes parisiens.<\/p>\n\n\n\n<figure class=\"wp-block-image\"><img decoding=\"async\" src=\"https:\/\/blog.relax-massage.com\/wp-content\/uploads\/2026\/08\/spa-privatif-enterrement-vie-garcon-paris-relax-massage-fr-2.webp\" alt=\"spa privatif enterrement vie gar\u00e7on\" title=\"spa privatif enterrement vie gar\u00e7on\" loading=\"lazy\" width=\"1200\" height=\"675\" style=\"width:100%;height:auto;border-radius:8px;\" \/><\/figure>\n\n\n\n<p class=\"wp-block-paragraph\">Le d\u00e9jeuner ou le d\u00eener gastronomique avant ou apr\u00e8s la session bien-\u00eatre est le grand classique. La d\u00e9tente physique du spa cr\u00e9e une disposition id\u00e9ale pour savourer un repas ensemble, dans une ambiance d\u00e9tendue et conviviale. Paris offre une densit\u00e9 de tables de qualit\u00e9 dans tous les arrondissements, ce qui facilite la logistique.<\/p>\n\n\n\n<p class=\"wp-block-paragraph\">Certains groupes int\u00e8grent \u00e9galement un <a href=\"https:\/\/relax-massage.com\/fr\/spas-massages-soins\/yoga\">cours collectif de yoga ou de m\u00e9ditation guid\u00e9e<\/a> dans leur programme, pour prolonger le moment de recentrage avant de basculer vers une soir\u00e9e plus festive. Ce type de s\u00e9ance constitue un compl\u00e9ment naturel \u00e0 une session spa.<\/p>\n\n\n\n<p class=\"wp-block-paragraph\">Pour les groupes qui souhaitent une formule tout-en-un, certains \u00e9tablissements proposent des <a href=\"https:\/\/relax-massage.com\/fr\/spas-massages-soins\/rituels-bien-etre\">rituels bien-\u00eatre incluant plusieurs \u00e9tapes de soins corps<\/a>, qui peuvent \u00eatre adapt\u00e9s \u00e0 un contexte de groupe sur demande.<\/p>\n\n\n\n<h2 class=\"wp-block-heading\" id=\"h-retenir-spa-privatif-evg-paris\">Ce qu&rsquo;il faut retenir pour votre EVG au spa \u00e0 Paris<\/h2>\n\n\n\n<p class=\"wp-block-paragraph\">Le spa privatif pour un enterrement de vie de gar\u00e7on \u00e0 Paris n&rsquo;est plus une curiosit\u00e9 marginale : c&rsquo;est une formule qui r\u00e9pond \u00e0 un besoin r\u00e9el, celui de vivre un moment fort entre amis dans un cadre exclusif, sans renoncer au plaisir ni \u00e0 la convivialit\u00e9. Qu&rsquo;il s&rsquo;agisse d&rsquo;un rituel oriental au hammam, d&rsquo;un concept th\u00e9matique original ou d&rsquo;un espace bien-\u00eatre h\u00f4telier haut de gamme, l&rsquo;offre parisienne est suffisamment riche pour trouver la formule adapt\u00e9e \u00e0 chaque groupe et \u00e0 chaque budget.<\/p>\n\n\n\n<p class=\"wp-block-paragraph\">La cl\u00e9 r\u00e9side dans l&rsquo;anticipation : plus vous r\u00e9servez t\u00f4t, plus vous avez de choix et de marge pour personnaliser l&rsquo;exp\u00e9rience du futur mari\u00e9 et de ses proches.<\/p>\n\n\n\n<h2 class=\"wp-block-heading\" id=\"h-faq-spa-privatif-evg\">FAQ : spa privatif enterrement vie gar\u00e7on<\/h2>\n\n\n\n<h3 class=\"wp-block-heading\" id=\"h-faq-delai-reservation\">Faut-il r\u00e9server longtemps \u00e0 l&rsquo;avance un spa privatif pour un EVG \u00e0 Paris ?<\/h3>\n\n\n\n<p class=\"wp-block-paragraph\">Pour un cr\u00e9neau en week-end, comptez au minimum six \u00e0 huit semaines d&rsquo;avance, davantage au printemps et en juin qui concentrent la majorit\u00e9 des mariages. Certains \u00e9tablissements tr\u00e8s demand\u00e9s affichent complet plusieurs mois \u00e0 l&rsquo;avance pour les samedis.<\/p>\n\n\n\n<h3 class=\"wp-block-heading\" id=\"h-faq-nombre-personnes\">Combien de personnes peut-on accueillir dans un spa privatif pour un EVG ?<\/h3>\n\n\n\n<p class=\"wp-block-paragraph\">La capacit\u00e9 varie selon les \u00e9tablissements. La plupart des spas privatisables \u00e0 Paris acceptent des groupes de six \u00e0 quinze personnes. Au-del\u00e0, il faut se renseigner directement aupr\u00e8s de l&rsquo;\u00e9tablissement, car certains grands spas d&rsquo;h\u00f4tels peuvent accueillir des groupes plus importants sur devis.<\/p>\n\n\n\n<h3 class=\"wp-block-heading\" id=\"h-faq-alcool-champagne\">Peut-on apporter de l&rsquo;alcool ou du champagne lors d&rsquo;une privatisation de spa ?<\/h3>\n\n\n\n<p class=\"wp-block-paragraph\">Cela d\u00e9pend enti\u00e8rement de la politique de chaque \u00e9tablissement. Certains l&rsquo;autorisent, d&rsquo;autres proposent un service de boissons int\u00e9gr\u00e9 \u00e0 la formule, et d&rsquo;autres encore l&rsquo;interdisent pour des raisons de s\u00e9curit\u00e9 li\u00e9es aux espaces humides. Posez la question explicitement lors de votre demande de devis.<\/p>\n\n\n\n<h3 class=\"wp-block-heading\" id=\"h-faq-privatisation-partielle-totale\">Quelle est la diff\u00e9rence entre une privatisation partielle et une privatisation totale d&rsquo;un spa ?<\/h3>\n\n\n\n<p class=\"wp-block-paragraph\">Une privatisation partielle signifie que votre groupe dispose d&rsquo;un espace ou d&rsquo;une cabine d\u00e9di\u00e9e, mais que d&rsquo;autres clients peuvent \u00eatre pr\u00e9sents dans l&rsquo;\u00e9tablissement. Une privatisation totale signifie que l&rsquo;int\u00e9gralit\u00e9 du spa vous est r\u00e9serv\u00e9e pour la dur\u00e9e convenue, sans aucun autre client. Pour un EVG, la privatisation totale est g\u00e9n\u00e9ralement pr\u00e9f\u00e9rable pour garantir l&rsquo;ambiance et la libert\u00e9 de groupe.<\/p>\n\n\n\n<h3 class=\"wp-block-heading\" id=\"h-faq-soins-inclus\">Les soins sont-ils syst\u00e9matiquement inclus dans une formule de privatisation pour EVG ?<\/h3>\n\n\n\n<p class=\"wp-block-paragraph\">Non, pas syst\u00e9matiquement. L&rsquo;acc\u00e8s \u00e0 l&rsquo;espace thermique (hammam, sauna, jacuzzi) est souvent inclus, mais les <a href=\"https:\/\/relax-massage.com\/fr\/spas-massages-soins\/massages\">massages et soins corps<\/a> sont g\u00e9n\u00e9ralement propos\u00e9s en option payante. V\u00e9rifiez le d\u00e9tail de chaque formule et demandez un devis incluant les soins souhait\u00e9s pour avoir une vision compl\u00e8te du budget.<\/p>\n\n\n\n<h3 class=\"wp-block-heading\" id=\"h-faq-hotel-4-5-etoiles\">Est-il possible d&rsquo;organiser un EVG dans un spa d&rsquo;h\u00f4tel 4 ou 5 \u00e9toiles \u00e0 Paris ?<\/h3>\n\n\n\n<p class=\"wp-block-paragraph\">Oui, plusieurs spas d&rsquo;h\u00f4tels haut de gamme parisiens proposent des formules de privatisation pour \u00e9v\u00e9nements. Relax Massage r\u00e9f\u00e9rence plusieurs de ces \u00e9tablissements, dont le <a href=\"https:\/\/relax-massage.com\/fr\/spas-massages-soins\/spa-codage-pavillon-de-la-reine\">Spa Codage au Pavillon de la Reine<\/a> et d&rsquo;autres adresses consultables sur <a href=\"https:\/\/relax-massage.com\/fr\/spas-massages-soins\">la s\u00e9lection compl\u00e8te de spas Relax Massage<\/a>. Ces lieux offrent un niveau de service et de finition sup\u00e9rieur, avec des \u00e9quipes habitu\u00e9es \u00e0 l&rsquo;accueil de groupes pour des occasions sp\u00e9ciales.<\/p>\n\n<\/div><\/div>\n","protected":false},"excerpt":{"rendered":"<p>Organisez un spa privatif enterrement vie gar\u00e7on \u00e0 Paris : d\u00e9roul\u00e9, budget, adresses et checklist pour un EVG bien-\u00eatre original et m\u00e9morable.<\/p>\n","protected":false},"author":2,"featured_media":288,"comment_status":"closed","ping_status":"open","sticky":false,"template":"","format":"standard","meta":{"footnotes":""},"categories":[4],"tags":[],"class_list":["post-292","post","type-post","status-publish","format-standard","has-post-thumbnail","hentry","category-spa-bien-etre"],"yoast_head":"<!-- This site is optimized with the Yoast SEO plugin v28.2 - https:\/\/yoast.com\/product\/yoast-seo-wordpress\/ -->\n<title>Spa privatif enterrement de vie de gar\u00e7on \u00e0 Paris : le guide<\/title>\n<meta name=\"description\" content=\"Organisez un spa privatif enterrement vie gar\u00e7on \u00e0 Paris : d\u00e9roul\u00e9, budget, adresses et checklist pour un EVG bien-\u00eatre original et m\u00e9morable.\" \/>\n<meta name=\"robots\" content=\"index, follow, max-snippet:-1, max-image-preview:large, max-video-preview:-1\" \/>\n<link rel=\"canonical\" href=\"https:\/\/relax-massage.com\/fr\/blog\/spa-privatif-enterrement-vie-garcon-paris\" \/>\n<meta property=\"og:locale\" content=\"fr_FR\" \/>\n<meta property=\"og:type\" content=\"article\" \/>\n<meta property=\"og:title\" content=\"Spa privatif enterrement de vie de gar\u00e7on \u00e0 Paris : le guide\" \/>\n<meta property=\"og:description\" content=\"Organisez un spa privatif enterrement vie gar\u00e7on \u00e0 Paris : d\u00e9roul\u00e9, budget, adresses et checklist pour un EVG bien-\u00eatre original et m\u00e9morable.\" \/>\n<meta property=\"og:url\" content=\"https:\/\/relax-massage.com\/fr\/blog\/spa-privatif-enterrement-vie-garcon-paris\" \/>\n<meta property=\"og:site_name\" content=\"Relax Massage Blog\" \/>\n<meta property=\"article:published_time\" content=\"2026-08-16T12:11:48+00:00\" \/>\n<meta property=\"article:modified_time\" content=\"2026-08-18T09:03:02+00:00\" \/>\n<meta property=\"og:image\" content=\"https:\/\/blog.relax-massage.com\/wp-content\/uploads\/2026\/08\/spa-privatif-enterrement-vie-garcon-paris-2026.webp\" \/>\n\t<meta property=\"og:image:width\" content=\"1024\" \/>\n\t<meta property=\"og:image:height\" content=\"1024\" \/>\n\t<meta property=\"og:image:type\" content=\"image\/webp\" \/>\n<meta name=\"author\" content=\"arthur@relax-massage.com\" \/>\n<meta name=\"twitter:card\" content=\"summary_large_image\" \/>\n<meta name=\"twitter:label1\" content=\"\u00c9crit par\" \/>\n\t<meta name=\"twitter:data1\" content=\"arthur@relax-massage.com\" \/>\n\t<meta name=\"twitter:label2\" content=\"Dur\u00e9e de lecture estim\u00e9e\" \/>\n\t<meta name=\"twitter:data2\" content=\"13 minutes\" \/>\n<script type=\"application\/ld+json\" class=\"yoast-schema-graph\">{\"@context\":\"https:\\\/\\\/schema.org\",\"@graph\":[{\"@type\":\"Article\",\"@id\":\"https:\\\/\\\/relax-massage.com\\\/fr\\\/blog\\\/spa-privatif-enterrement-vie-garcon-paris#article\",\"isPartOf\":{\"@id\":\"https:\\\/\\\/relax-massage.com\\\/fr\\\/blog\\\/spa-privatif-enterrement-vie-garcon-paris\"},\"author\":{\"name\":\"arthur@relax-massage.com\",\"@id\":\"https:\\\/\\\/relax-massage.com\\\/fr\\\/blog\\\/#\\\/schema\\\/person\\\/1901d34dda627e2c221d04d36263b141\"},\"headline\":\"Spa privatif enterrement vie gar\u00e7on \u00e0 Paris | Guide\",\"datePublished\":\"2026-08-16T12:11:48+00:00\",\"dateModified\":\"2026-08-18T09:03:02+00:00\",\"mainEntityOfPage\":{\"@id\":\"https:\\\/\\\/relax-massage.com\\\/fr\\\/blog\\\/spa-privatif-enterrement-vie-garcon-paris\"},\"wordCount\":2636,\"image\":{\"@id\":\"https:\\\/\\\/relax-massage.com\\\/fr\\\/blog\\\/spa-privatif-enterrement-vie-garcon-paris#primaryimage\"},\"thumbnailUrl\":\"https:\\\/\\\/blog.relax-massage.com\\\/wp-content\\\/uploads\\\/2026\\\/08\\\/spa-privatif-enterrement-vie-garcon-paris-2026.webp\",\"articleSection\":[\"Spa &amp; bien-\u00eatre\"],\"inLanguage\":\"fr-FR\"},{\"@type\":\"WebPage\",\"@id\":\"https:\\\/\\\/relax-massage.com\\\/fr\\\/blog\\\/spa-privatif-enterrement-vie-garcon-paris\",\"url\":\"https:\\\/\\\/relax-massage.com\\\/fr\\\/blog\\\/spa-privatif-enterrement-vie-garcon-paris\",\"name\":\"Spa privatif enterrement de vie de gar\u00e7on \u00e0 Paris : le guide\",\"isPartOf\":{\"@id\":\"https:\\\/\\\/relax-massage.com\\\/fr\\\/blog\\\/#website\"},\"primaryImageOfPage\":{\"@id\":\"https:\\\/\\\/relax-massage.com\\\/fr\\\/blog\\\/spa-privatif-enterrement-vie-garcon-paris#primaryimage\"},\"image\":{\"@id\":\"https:\\\/\\\/relax-massage.com\\\/fr\\\/blog\\\/spa-privatif-enterrement-vie-garcon-paris#primaryimage\"},\"thumbnailUrl\":\"https:\\\/\\\/blog.relax-massage.com\\\/wp-content\\\/uploads\\\/2026\\\/08\\\/spa-privatif-enterrement-vie-garcon-paris-2026.webp\",\"datePublished\":\"2026-08-16T12:11:48+00:00\",\"dateModified\":\"2026-08-18T09:03:02+00:00\",\"author\":{\"@id\":\"https:\\\/\\\/relax-massage.com\\\/fr\\\/blog\\\/#\\\/schema\\\/person\\\/1901d34dda627e2c221d04d36263b141\"},\"description\":\"Organisez un spa privatif enterrement vie gar\u00e7on \u00e0 Paris : d\u00e9roul\u00e9, budget, adresses et checklist pour un EVG bien-\u00eatre original et m\u00e9morable.\",\"breadcrumb\":{\"@id\":\"https:\\\/\\\/relax-massage.com\\\/fr\\\/blog\\\/spa-privatif-enterrement-vie-garcon-paris#breadcrumb\"},\"inLanguage\":\"fr-FR\",\"potentialAction\":[{\"@type\":\"ReadAction\",\"target\":[\"https:\\\/\\\/relax-massage.com\\\/fr\\\/blog\\\/spa-privatif-enterrement-vie-garcon-paris\"]}]},{\"@type\":\"ImageObject\",\"inLanguage\":\"fr-FR\",\"@id\":\"https:\\\/\\\/relax-massage.com\\\/fr\\\/blog\\\/spa-privatif-enterrement-vie-garcon-paris#primaryimage\",\"url\":\"https:\\\/\\\/blog.relax-massage.com\\\/wp-content\\\/uploads\\\/2026\\\/08\\\/spa-privatif-enterrement-vie-garcon-paris-2026.webp\",\"contentUrl\":\"https:\\\/\\\/blog.relax-massage.com\\\/wp-content\\\/uploads\\\/2026\\\/08\\\/spa-privatif-enterrement-vie-garcon-paris-2026.webp\",\"width\":1024,\"height\":1024,\"caption\":\"Spa privatif enterrement vie gar\u00e7on \u00e0 Paris | Guide - spa privatif enterrement vie garcon paris\"},{\"@type\":\"BreadcrumbList\",\"@id\":\"https:\\\/\\\/relax-massage.com\\\/fr\\\/blog\\\/spa-privatif-enterrement-vie-garcon-paris#breadcrumb\",\"itemListElement\":[{\"@type\":\"ListItem\",\"position\":1,\"name\":\"Accueil\",\"item\":\"https:\\\/\\\/relax-massage.com\\\/fr\\\/blog\"},{\"@type\":\"ListItem\",\"position\":2,\"name\":\"Spa privatif enterrement vie gar\u00e7on \u00e0 Paris | Guide\"}]},{\"@type\":\"WebSite\",\"@id\":\"https:\\\/\\\/relax-massage.com\\\/fr\\\/blog\\\/#website\",\"url\":\"https:\\\/\\\/relax-massage.com\\\/fr\\\/blog\\\/\",\"name\":\"Relax Massage Blog\",\"description\":\"\",\"potentialAction\":[{\"@type\":\"SearchAction\",\"target\":{\"@type\":\"EntryPoint\",\"urlTemplate\":\"https:\\\/\\\/relax-massage.com\\\/fr\\\/blog\\\/?s={search_term_string}\"},\"query-input\":{\"@type\":\"PropertyValueSpecification\",\"valueRequired\":true,\"valueName\":\"search_term_string\"}}],\"inLanguage\":\"fr-FR\"},{\"@type\":\"Person\",\"@id\":\"https:\\\/\\\/relax-massage.com\\\/fr\\\/blog\\\/#\\\/schema\\\/person\\\/1901d34dda627e2c221d04d36263b141\",\"name\":\"arthur@relax-massage.com\",\"image\":{\"@type\":\"ImageObject\",\"inLanguage\":\"fr-FR\",\"@id\":\"https:\\\/\\\/secure.gravatar.com\\\/avatar\\\/c6f0ef902ca84576a8ec8d19c7b9bd3cf56220c0f03f6d4c107df6df536e5553?s=96&d=mm&r=g\",\"url\":\"https:\\\/\\\/secure.gravatar.com\\\/avatar\\\/c6f0ef902ca84576a8ec8d19c7b9bd3cf56220c0f03f6d4c107df6df536e5553?s=96&d=mm&r=g\",\"contentUrl\":\"https:\\\/\\\/secure.gravatar.com\\\/avatar\\\/c6f0ef902ca84576a8ec8d19c7b9bd3cf56220c0f03f6d4c107df6df536e5553?s=96&d=mm&r=g\",\"caption\":\"arthur@relax-massage.com\"},\"url\":\"https:\\\/\\\/relax-massage.com\\\/fr\\\/blog\\\/author\\\/arthurrelax-massage-com\"}]}<\/script>\n<!-- \/ Yoast SEO plugin. -->","yoast_head_json":{"title":"Spa privatif enterrement de vie de gar\u00e7on \u00e0 Paris : le guide","description":"Organisez un spa privatif enterrement vie gar\u00e7on \u00e0 Paris : d\u00e9roul\u00e9, budget, adresses et checklist pour un EVG bien-\u00eatre original et m\u00e9morable.","robots":{"index":"index","follow":"follow","max-snippet":"max-snippet:-1","max-image-preview":"max-image-preview:large","max-video-preview":"max-video-preview:-1"},"canonical":"https:\/\/relax-massage.com\/fr\/blog\/spa-privatif-enterrement-vie-garcon-paris","og_locale":"fr_FR","og_type":"article","og_title":"Spa privatif enterrement de vie de gar\u00e7on \u00e0 Paris : le guide","og_description":"Organisez un spa privatif enterrement vie gar\u00e7on \u00e0 Paris : d\u00e9roul\u00e9, budget, adresses et checklist pour un EVG bien-\u00eatre original et m\u00e9morable.","og_url":"https:\/\/relax-massage.com\/fr\/blog\/spa-privatif-enterrement-vie-garcon-paris","og_site_name":"Relax Massage Blog","article_published_time":"2026-08-16T12:11:48+00:00","article_modified_time":"2026-08-18T09:03:02+00:00","og_image":[{"width":1024,"height":1024,"url":"https:\/\/blog.relax-massage.com\/wp-content\/uploads\/2026\/08\/spa-privatif-enterrement-vie-garcon-paris-2026.webp","type":"image\/webp"}],"author":"arthur@relax-massage.com","twitter_card":"summary_large_image","twitter_misc":{"\u00c9crit par":"arthur@relax-massage.com","Dur\u00e9e de lecture estim\u00e9e":"13 minutes"},"schema":{"@context":"https:\/\/schema.org","@graph":[{"@type":"Article","@id":"https:\/\/relax-massage.com\/fr\/blog\/spa-privatif-enterrement-vie-garcon-paris#article","isPartOf":{"@id":"https:\/\/relax-massage.com\/fr\/blog\/spa-privatif-enterrement-vie-garcon-paris"},"author":{"name":"arthur@relax-massage.com","@id":"https:\/\/relax-massage.com\/fr\/blog\/#\/schema\/person\/1901d34dda627e2c221d04d36263b141"},"headline":"Spa privatif enterrement vie gar\u00e7on \u00e0 Paris | Guide","datePublished":"2026-08-16T12:11:48+00:00","dateModified":"2026-08-18T09:03:02+00:00","mainEntityOfPage":{"@id":"https:\/\/relax-massage.com\/fr\/blog\/spa-privatif-enterrement-vie-garcon-paris"},"wordCount":2636,"image":{"@id":"https:\/\/relax-massage.com\/fr\/blog\/spa-privatif-enterrement-vie-garcon-paris#primaryimage"},"thumbnailUrl":"https:\/\/blog.relax-massage.com\/wp-content\/uploads\/2026\/08\/spa-privatif-enterrement-vie-garcon-paris-2026.webp","articleSection":["Spa &amp; bien-\u00eatre"],"inLanguage":"fr-FR"},{"@type":"WebPage","@id":"https:\/\/relax-massage.com\/fr\/blog\/spa-privatif-enterrement-vie-garcon-paris","url":"https:\/\/relax-massage.com\/fr\/blog\/spa-privatif-enterrement-vie-garcon-paris","name":"Spa privatif enterrement de vie de gar\u00e7on \u00e0 Paris : le guide","isPartOf":{"@id":"https:\/\/relax-massage.com\/fr\/blog\/#website"},"primaryImageOfPage":{"@id":"https:\/\/relax-massage.com\/fr\/blog\/spa-privatif-enterrement-vie-garcon-paris#primaryimage"},"image":{"@id":"https:\/\/relax-massage.com\/fr\/blog\/spa-privatif-enterrement-vie-garcon-paris#primaryimage"},"thumbnailUrl":"https:\/\/blog.relax-massage.com\/wp-content\/uploads\/2026\/08\/spa-privatif-enterrement-vie-garcon-paris-2026.webp","datePublished":"2026-08-16T12:11:48+00:00","dateModified":"2026-08-18T09:03:02+00:00","author":{"@id":"https:\/\/relax-massage.com\/fr\/blog\/#\/schema\/person\/1901d34dda627e2c221d04d36263b141"},"description":"Organisez un spa privatif enterrement vie gar\u00e7on \u00e0 Paris : d\u00e9roul\u00e9, budget, adresses et checklist pour un EVG bien-\u00eatre original et m\u00e9morable.","breadcrumb":{"@id":"https:\/\/relax-massage.com\/fr\/blog\/spa-privatif-enterrement-vie-garcon-paris#breadcrumb"},"inLanguage":"fr-FR","potentialAction":[{"@type":"ReadAction","target":["https:\/\/relax-massage.com\/fr\/blog\/spa-privatif-enterrement-vie-garcon-paris"]}]},{"@type":"ImageObject","inLanguage":"fr-FR","@id":"https:\/\/relax-massage.com\/fr\/blog\/spa-privatif-enterrement-vie-garcon-paris#primaryimage","url":"https:\/\/blog.relax-massage.com\/wp-content\/uploads\/2026\/08\/spa-privatif-enterrement-vie-garcon-paris-2026.webp","contentUrl":"https:\/\/blog.relax-massage.com\/wp-content\/uploads\/2026\/08\/spa-privatif-enterrement-vie-garcon-paris-2026.webp","width":1024,"height":1024,"caption":"Spa privatif enterrement vie gar\u00e7on \u00e0 Paris | Guide - spa privatif enterrement vie garcon paris"},{"@type":"BreadcrumbList","@id":"https:\/\/relax-massage.com\/fr\/blog\/spa-privatif-enterrement-vie-garcon-paris#breadcrumb","itemListElement":[{"@type":"ListItem","position":1,"name":"Accueil","item":"https:\/\/relax-massage.com\/fr\/blog"},{"@type":"ListItem","position":2,"name":"Spa privatif enterrement vie gar\u00e7on \u00e0 Paris | Guide"}]},{"@type":"WebSite","@id":"https:\/\/relax-massage.com\/fr\/blog\/#website","url":"https:\/\/relax-massage.com\/fr\/blog\/","name":"Relax Massage Blog","description":"","potentialAction":[{"@type":"SearchAction","target":{"@type":"EntryPoint","urlTemplate":"https:\/\/relax-massage.com\/fr\/blog\/?s={search_term_string}"},"query-input":{"@type":"PropertyValueSpecification","valueRequired":true,"valueName":"search_term_string"}}],"inLanguage":"fr-FR"},{"@type":"Person","@id":"https:\/\/relax-massage.com\/fr\/blog\/#\/schema\/person\/1901d34dda627e2c221d04d36263b141","name":"arthur@relax-massage.com","image":{"@type":"ImageObject","inLanguage":"fr-FR","@id":"https:\/\/secure.gravatar.com\/avatar\/c6f0ef902ca84576a8ec8d19c7b9bd3cf56220c0f03f6d4c107df6df536e5553?s=96&d=mm&r=g","url":"https:\/\/secure.gravatar.com\/avatar\/c6f0ef902ca84576a8ec8d19c7b9bd3cf56220c0f03f6d4c107df6df536e5553?s=96&d=mm&r=g","contentUrl":"https:\/\/secure.gravatar.com\/avatar\/c6f0ef902ca84576a8ec8d19c7b9bd3cf56220c0f03f6d4c107df6df536e5553?s=96&d=mm&r=g","caption":"arthur@relax-massage.com"},"url":"https:\/\/relax-massage.com\/fr\/blog\/author\/arthurrelax-massage-com"}]}},"_links":{"self":[{"href":"https:\/\/blog.relax-massage.com\/wp-json\/wp\/v2\/posts\/292","targetHints":{"allow":["GET"]}}],"collection":[{"href":"https:\/\/blog.relax-massage.com\/wp-json\/wp\/v2\/posts"}],"about":[{"href":"https:\/\/blog.relax-massage.com\/wp-json\/wp\/v2\/types\/post"}],"author":[{"embeddable":true,"href":"https:\/\/blog.relax-massage.com\/wp-json\/wp\/v2\/users\/2"}],"replies":[{"embeddable":true,"href":"https:\/\/blog.relax-massage.com\/wp-json\/wp\/v2\/comments?post=292"}],"version-history":[{"count":1,"href":"https:\/\/blog.relax-massage.com\/wp-json\/wp\/v2\/posts\/292\/revisions"}],"predecessor-version":[{"id":305,"href":"https:\/\/blog.relax-massage.com\/wp-json\/wp\/v2\/posts\/292\/revisions\/305"}],"wp:featuredmedia":[{"embeddable":true,"href":"https:\/\/blog.relax-massage.com\/wp-json\/wp\/v2\/media\/288"}],"wp:attachment":[{"href":"https:\/\/blog.relax-massage.com\/wp-json\/wp\/v2\/media?parent=292"}],"wp:term":[{"taxonomy":"category","embeddable":true,"href":"https:\/\/blog.relax-massage.com\/wp-json\/wp\/v2\/categories?post=292"},{"taxonomy":"post_tag","embeddable":true,"href":"https:\/\/blog.relax-massage.com\/wp-json\/wp\/v2\/tags?post=292"}],"curies":[{"name":"wp","href":"https:\/\/api.w.org\/{rel}","templated":true}]}}